{"id":48674,"date":"2019-11-30T12:20:03","date_gmt":"2019-11-30T11:20:03","guid":{"rendered":"https:\/\/www.messinaoggi.it\/website\/?p=38846"},"modified":"2019-11-30T12:20:03","modified_gmt":"2019-11-30T11:20:03","slug":"risanamento-siracusano-emergenza-sanitaria-siano-dati-poteri-speciali-al-sindaco","status":"publish","type":"post","link":"https:\/\/www.messinaoggi.it\/website\/2019\/11\/30\/risanamento-siracusano-emergenza-sanitaria-siano-dati-poteri-speciali-al-sindaco\/","title":{"rendered":"Risanamento, Siracusano: \u201cEmergenza sanitaria, siano dati poteri speciali al sindaco&quot;"},"content":{"rendered":"<p>Oggi il deputato di Forza Italia alla Camera Matilde Siracusano ha depositato un\u2019interrogazione ai ministri della Salute e dell&#8217;Interno per chiedere l\u2019attribuzione dei poteri speciali al sindaco di Messina Cateno De Luca e fare fronte alla situazione di emergenza della Baraccopoli pi\u00f9 grande d\u2019Europa.<br \/>\n\u201c<em>La situazione \u00e8 ormai a livelli cronici.<\/em> \u2013 afferma la parlamentare \u2013 <em>L\u2019amianto, le discariche a cielo aperto e l\u2019assenza di ogni requisito minimo di salubrit\u00e0 ambientale rendono necessari poteri speciali da attribuire al sindaco, in qualit\u00e0 massima autorit\u00e0 sanitaria locale, quantomeno per spostare in alloggi pi\u00f9 dignitosi i malati terminali, gli invalidi e gli anziani che avrebbero bisogno di un\u2019assistenza continuativa<\/em>\u201d.<br \/>\n\u201c<em>A maggio<\/em> \u2013 conclude Siracusano \u2013 <em>avevo sollecitato l\u2019allora ministro dell\u2019Interno che aveva garantito di giungere ad una soluzione definitiva della questione. Ad oggi per\u00f2 nulla\u00a0 \u00e8 cambiato. Il Governo deve chiarire cosa intende fare per assicurare ai messinesi condizioni di vivibilit\u00e0 pi\u00f9 sicure e dignitose\u201d.<\/em><br \/>\n <div id=\"div-gpt-ad-Messinaoggi.it-DSK-300x250-corpoart\" style=\"text-align:center;margin:0 auto;\"><\/div><\/p>\n<div id=\"videoincontent\" style=\"clear:both\";><\/div>","protected":false},"excerpt":{"rendered":"<p>Oggi il deputato di Forza Italia alla Camera Matilde Siracusano ha depositato un\u2019interrogazione ai ministri della Salute e dell&#8217;Interno per chiedere l\u2019attribuzione dei poteri speciali al sindaco di Messina Cateno De Luca e fare fronte alla situazione di emergenza della Baraccopoli pi\u00f9 grande d\u2019Europa. \u201cLa situazione \u00e8 ormai a livelli cronici. \u2013 afferma la parlamentare [&hellip;]<\/p>\n","protected":false},"author":8,"featured_media":16441,"comment_status":"closed","ping_status":"open","sticky":false,"template":"","format":"standard","meta":{"ub_ctt_via":"","_mi_skip_tracking":false},"categories":[4],"tags":[],"featured_image_src":"https:\/\/www.messinaoggi.it\/website\/wp-content\/uploads\/2018\/03\/matilde-siracusano-1.jpg","author_info":{"display_name":"red..me","author_link":"https:\/\/www.messinaoggi.it\/website\/author\/redstage\/"},"digistream_id":0,"digistream":false,"_links":{"self":[{"href":"https:\/\/www.messinaoggi.it\/website\/wp-json\/wp\/v2\/posts\/48674"}],"collection":[{"href":"https:\/\/www.messinaoggi.it\/website\/wp-json\/wp\/v2\/posts"}],"about":[{"href":"https:\/\/www.messinaoggi.it\/website\/wp-json\/wp\/v2\/types\/post"}],"author":[{"embeddable":true,"href":"https:\/\/www.messinaoggi.it\/website\/wp-json\/wp\/v2\/users\/8"}],"replies":[{"embeddable":true,"href":"https:\/\/www.messinaoggi.it\/website\/wp-json\/wp\/v2\/comments?post=48674"}],"version-history":[{"count":0,"href":"https:\/\/www.messinaoggi.it\/website\/wp-json\/wp\/v2\/posts\/48674\/revisions"}],"wp:featuredmedia":[{"embeddable":true,"href":"https:\/\/www.messinaoggi.it\/website\/wp-json\/wp\/v2\/media\/16441"}],"wp:attachment":[{"href":"https:\/\/www.messinaoggi.it\/website\/wp-json\/wp\/v2\/media?parent=48674"}],"wp:term":[{"taxonomy":"category","embeddable":true,"href":"https:\/\/www.messinaoggi.it\/website\/wp-json\/wp\/v2\/categories?post=48674"},{"taxonomy":"post_tag","embeddable":true,"href":"https:\/\/www.messinaoggi.it\/website\/wp-json\/wp\/v2\/tags?post=48674"}],"curies":[{"name":"wp","href":"https:\/\/api.w.org\/{rel}","templated":true}]}}