{"id":48673,"date":"2020-11-02T15:30:00","date_gmt":"2020-11-02T14:30:00","guid":{"rendered":"https:\/\/www.messinaoggi.it\/website\/?p=48673"},"modified":"2020-11-02T15:30:00","modified_gmt":"2020-11-02T14:30:00","slug":"lavori-fibra-da-domani-interventi-per-il-ripristino-del-manto-stradale","status":"publish","type":"post","link":"https:\/\/www.messinaoggi.it\/website\/2020\/11\/02\/lavori-fibra-da-domani-interventi-per-il-ripristino-del-manto-stradale\/","title":{"rendered":"Lavori fibra, da domani interventi per il ripristino del manto stradale"},"content":{"rendered":"<p>Dopo i lavori di scavo per la posa di infrastrutture per la realizzazione di rete in fibra ottica, saranno effettuati i lavori di ripristino del manto stradale in alcune zone cittadine e pertanto sono state disposte limitazioni viarie nei tratti di strade interessati dagli scavi.<br \/>\nDomani e mercoled\u00ec viger\u00e0 il divieto di sosta, 0-24 su entrambi i lati delle vie Polveriera, Vico San Cosimo numero civico 75, Strada Comunale, Portella, Chiesa San Filippo Superiore, Contrada Campolino Traversa II e Strada Comunale S. Lucia; mercoled\u00ec 4 e gioved\u00ec 5, su entrambi i lati della via Annibale, dal numero civico 44 al 56; gioved\u00ec 5 e venerd\u00ec 6, il divieto interesser\u00e0 entrambi i lati della vie Giovanni dalle Bande Nere, B. Colleoni, N. Piccinini, F. Bussoni da Carmagnola, Strada Comunale San Giovannello e S. Basilio Magno contrada Baglio.<br \/>\nIl transito sar\u00e0 regolamentato con l\u2019ausilio di movieri e quello pedonale, con particolare riguardo alle persone disabili, sar\u00e0 garantito, in sicurezza, realizzando idonea segnaletica stradale di indirizzamento per i pedoni.<div id=\"div-gpt-ad-Messinaoggi.it-DSK-300x250-corpoart\" style=\"text-align:center;margin:0 auto;\"><\/div><\/p>\n<div id=\"videoincontent\" style=\"clear:both\";><\/div>","protected":false},"excerpt":{"rendered":"<p>Dopo i lavori di scavo per la posa di infrastrutture per la realizzazione di rete in fibra ottica, saranno effettuati i lavori di ripristino del manto stradale in alcune zone cittadine e pertanto sono state disposte limitazioni viarie nei tratti di strade interessati dagli scavi. Domani e mercoled\u00ec viger\u00e0 il divieto di sosta, 0-24 su [&hellip;]<\/p>\n","protected":false},"author":4,"featured_media":34134,"comment_status":"closed","ping_status":"closed","sticky":false,"template":"","format":"standard","meta":{"ub_ctt_via":"","_mi_skip_tracking":false},"categories":[5],"tags":[],"featured_image_src":"https:\/\/www.messinaoggi.it\/website\/wp-content\/uploads\/2019\/06\/torre-faro-sfregiato-dalla-fibra.jpeg","author_info":{"display_name":"redme","author_link":"https:\/\/www.messinaoggi.it\/website\/author\/redme\/"},"digistream_id":0,"digistream":false,"_links":{"self":[{"href":"https:\/\/www.messinaoggi.it\/website\/wp-json\/wp\/v2\/posts\/48673"}],"collection":[{"href":"https:\/\/www.messinaoggi.it\/website\/wp-json\/wp\/v2\/posts"}],"about":[{"href":"https:\/\/www.messinaoggi.it\/website\/wp-json\/wp\/v2\/types\/post"}],"author":[{"embeddable":true,"href":"https:\/\/www.messinaoggi.it\/website\/wp-json\/wp\/v2\/users\/4"}],"replies":[{"embeddable":true,"href":"https:\/\/www.messinaoggi.it\/website\/wp-json\/wp\/v2\/comments?post=48673"}],"version-history":[{"count":0,"href":"https:\/\/www.messinaoggi.it\/website\/wp-json\/wp\/v2\/posts\/48673\/revisions"}],"wp:featuredmedia":[{"embeddable":true,"href":"https:\/\/www.messinaoggi.it\/website\/wp-json\/wp\/v2\/media\/34134"}],"wp:attachment":[{"href":"https:\/\/www.messinaoggi.it\/website\/wp-json\/wp\/v2\/media?parent=48673"}],"wp:term":[{"taxonomy":"category","embeddable":true,"href":"https:\/\/www.messinaoggi.it\/website\/wp-json\/wp\/v2\/categories?post=48673"},{"taxonomy":"post_tag","embeddable":true,"href":"https:\/\/www.messinaoggi.it\/website\/wp-json\/wp\/v2\/tags?post=48673"}],"curies":[{"name":"wp","href":"https:\/\/api.w.org\/{rel}","templated":true}]}}