{"id":48644,"date":"2017-10-27T08:38:55","date_gmt":"2017-10-27T06:38:55","guid":{"rendered":"http:\/\/www.messinaoggi.it\/website\/?p=10452"},"modified":"2017-10-27T08:38:55","modified_gmt":"2017-10-27T06:38:55","slug":"piazza-cairoli-santoro-lamministratore-ci-provoca","status":"publish","type":"post","link":"https:\/\/www.messinaoggi.it\/website\/2017\/10\/27\/piazza-cairoli-santoro-lamministratore-ci-provoca\/","title":{"rendered":"Piazza Cairoli, Santoro: &quot;L&#039;amministrazione ci provoca&quot;"},"content":{"rendered":"<p>Le condizioni di piazza Cairoli suscitano le ire dei commercianti della zona. La piazza \u00e8 completamente al buio e durante le ore serali diventa un bronx l&#8217;intera zona. <strong>Lino Santoro<\/strong>, titolare dell&#8217;omonimo ritrovo non riesce a trattenere la sua rabbia per la poca attenzione che Palazzo Zanca riserva ai commercianti della zona.<br \/>\n&#8220;Parlo a titolo personale, da imprenditore quindi, e non da coordinatore della Federazione Italiana Pubblici Esercizi. Ho l&#8217;impressione che l&#8217;amministrazione comunale ci provochi. Non mi spiego per quale motivo i pochi lampioni funzionanti sono stati attivati in occasione dello Street Food, quando abbiamo avuto il piacere di conoscere l&#8217;ingegnere <strong>Saglimbeni<\/strong>, il quale si prodigava per rimettere a posto l&#8217;illuminazione, mentre quando l&#8217;evento \u00e8 finito si sono spenti i riflettori. E&#8217; inconcepibile che il salotto buono della citt\u00e0 sia avvolto dall&#8217;oscurit\u00e0. Perch\u00e9 le luci funzionavano e adesso sono spente. La sera da queste parti non si pu\u00f2 nemmeno passare perch\u00e9 c&#8217;\u00e8 buoi pesto. Mi sorprende che <strong>sedicenti perbenisti si accorgano solo oggi che manca la luce in piazza<\/strong>. Ma questa gente dove vive e soprattutto chi crede di rappresentare? Il Comune deve venirci incontro perch\u00e9 stanno dando un colpo mortale al nostro commercio, siamo tutti in sofferenza paghiamo affitti da capogiro e la gente non scende in piazza perch\u00e9 c&#8217;\u00e8 buio pesto&#8221;<div id=\"div-gpt-ad-Messinaoggi.it-DSK-300x250-corpoart\" style=\"text-align:center;margin:0 auto;\"><\/div><\/p>\n<div id=\"videoincontent\" style=\"clear:both\";><\/div>","protected":false},"excerpt":{"rendered":"<p>Le condizioni di piazza Cairoli suscitano le ire dei commercianti della zona. La piazza \u00e8 completamente al buio e durante le ore serali diventa un bronx l&#8217;intera zona. Lino Santoro, titolare dell&#8217;omonimo ritrovo non riesce a trattenere la sua rabbia per la poca attenzione che Palazzo Zanca riserva ai commercianti della zona. &#8220;Parlo a titolo [&hellip;]<\/p>\n","protected":false},"author":2,"featured_media":10448,"comment_status":"closed","ping_status":"open","sticky":false,"template":"","format":"standard","meta":{"ub_ctt_via":"","_mi_skip_tracking":false},"categories":[5],"tags":[],"featured_image_src":"https:\/\/www.messinaoggi.it\/website\/wp-content\/uploads\/2017\/10\/IMG_1975.jpg","author_info":{"display_name":"Redazione","author_link":"https:\/\/www.messinaoggi.it\/website\/author\/redazione\/"},"digistream_id":0,"digistream":false,"_links":{"self":[{"href":"https:\/\/www.messinaoggi.it\/website\/wp-json\/wp\/v2\/posts\/48644"}],"collection":[{"href":"https:\/\/www.messinaoggi.it\/website\/wp-json\/wp\/v2\/posts"}],"about":[{"href":"https:\/\/www.messinaoggi.it\/website\/wp-json\/wp\/v2\/types\/post"}],"author":[{"embeddable":true,"href":"https:\/\/www.messinaoggi.it\/website\/wp-json\/wp\/v2\/users\/2"}],"replies":[{"embeddable":true,"href":"https:\/\/www.messinaoggi.it\/website\/wp-json\/wp\/v2\/comments?post=48644"}],"version-history":[{"count":0,"href":"https:\/\/www.messinaoggi.it\/website\/wp-json\/wp\/v2\/posts\/48644\/revisions"}],"wp:featuredmedia":[{"embeddable":true,"href":"https:\/\/www.messinaoggi.it\/website\/wp-json\/wp\/v2\/media\/10448"}],"wp:attachment":[{"href":"https:\/\/www.messinaoggi.it\/website\/wp-json\/wp\/v2\/media?parent=48644"}],"wp:term":[{"taxonomy":"category","embeddable":true,"href":"https:\/\/www.messinaoggi.it\/website\/wp-json\/wp\/v2\/categories?post=48644"},{"taxonomy":"post_tag","embeddable":true,"href":"https:\/\/www.messinaoggi.it\/website\/wp-json\/wp\/v2\/tags?post=48644"}],"curies":[{"name":"wp","href":"https:\/\/api.w.org\/{rel}","templated":true}]}}