{"id":48621,"date":"2020-11-01T09:03:40","date_gmt":"2020-11-01T08:03:40","guid":{"rendered":"https:\/\/www.messinaoggi.it\/website\/?p=48621"},"modified":"2020-11-01T09:03:40","modified_gmt":"2020-11-01T08:03:40","slug":"automobilismo-4-slalom-di-salice-rinviato-al-2021-per-deterioramento-del-tracciato","status":"publish","type":"post","link":"https:\/\/www.messinaoggi.it\/website\/2020\/11\/01\/automobilismo-4-slalom-di-salice-rinviato-al-2021-per-deterioramento-del-tracciato\/","title":{"rendered":"AUTOMOBILISMO &#8211; 4\u00b0 Slalom di Salice rinviato al 2021 per deterioramento del tracciato"},"content":{"rendered":"<div>\n<h6 class=\"titolo\"><em><strong style=\"font-size: 16px\">Decisione necessaria per gli organizzatori di Top Competition dovuta al deterioramento del tracciato per via delle recenti avversit\u00e0 meteo<\/strong><span style=\"font-size: 16px\">\u00a0<\/span><\/em><\/h6>\n<\/div>\n<div class=\"testo\">\nIl 4\u00b0 Slalom di Salice d\u00e0 appuntamento al 2021. Non si svolger\u00e0 l\u2019edizione 2020 della gara messinese che anche nella prossima stagione sar\u00e0 confermata prova di Coppa ACI Sport 5^ Zona e Campionato Siciliano di specialit\u00e0.<br \/>\nLa decisione \u00e8 maturata nei giorni scorsi dopo che gli organizzatori di Top Competition hanno verificato lo stato del tratto di strada sede del tracciato di gara, sul quale non sussistono adeguate condizioni di sicurezza. La sede stradale si \u00e8 notevolmente deteriorata per via delle avversit\u00e0 meteo delle ultime settimane e quindi non \u00e8 ipotizzabile un ripristino in tempi brevissimi.<br \/>\nTop Competition ed i partner della competizione che si svolge alle porte di Messina, al Villaggio Salice, da appuntamento al 2021.\n<\/div>\n<div id=\"div-gpt-ad-Messinaoggi.it-DSK-300x250-corpoart\" style=\"text-align:center;margin:0 auto;\"><\/div><\/p><div id=\"videoincontent\" style=\"clear:both\";><\/div>","protected":false},"excerpt":{"rendered":"<p>Decisione necessaria per gli organizzatori di Top Competition dovuta al deterioramento del tracciato per via delle recenti avversit\u00e0 meteo\u00a0 Il 4\u00b0 Slalom di Salice d\u00e0 appuntamento al 2021. Non si svolger\u00e0 l\u2019edizione 2020 della gara messinese che anche nella prossima stagione sar\u00e0 confermata prova di Coppa ACI Sport 5^ Zona e Campionato Siciliano di specialit\u00e0. [&hellip;]<\/p>\n","protected":false},"author":17,"featured_media":48622,"comment_status":"closed","ping_status":"closed","sticky":false,"template":"","format":"standard","meta":{"ub_ctt_via":"","_mi_skip_tracking":false},"categories":[8,9],"tags":[415,354],"featured_image_src":"https:\/\/www.messinaoggi.it\/website\/wp-content\/uploads\/2020\/10\/e724db8a-320e-4b6e-94cc-d4473307ba49-scaled-1.jpeg","author_info":{"display_name":"Giuseppe Luppino","author_link":"https:\/\/www.messinaoggi.it\/website\/author\/g-luppino\/"},"digistream_id":0,"digistream":false,"_links":{"self":[{"href":"https:\/\/www.messinaoggi.it\/website\/wp-json\/wp\/v2\/posts\/48621"}],"collection":[{"href":"https:\/\/www.messinaoggi.it\/website\/wp-json\/wp\/v2\/posts"}],"about":[{"href":"https:\/\/www.messinaoggi.it\/website\/wp-json\/wp\/v2\/types\/post"}],"author":[{"embeddable":true,"href":"https:\/\/www.messinaoggi.it\/website\/wp-json\/wp\/v2\/users\/17"}],"replies":[{"embeddable":true,"href":"https:\/\/www.messinaoggi.it\/website\/wp-json\/wp\/v2\/comments?post=48621"}],"version-history":[{"count":0,"href":"https:\/\/www.messinaoggi.it\/website\/wp-json\/wp\/v2\/posts\/48621\/revisions"}],"wp:featuredmedia":[{"embeddable":true,"href":"https:\/\/www.messinaoggi.it\/website\/wp-json\/wp\/v2\/media\/48622"}],"wp:attachment":[{"href":"https:\/\/www.messinaoggi.it\/website\/wp-json\/wp\/v2\/media?parent=48621"}],"wp:term":[{"taxonomy":"category","embeddable":true,"href":"https:\/\/www.messinaoggi.it\/website\/wp-json\/wp\/v2\/categories?post=48621"},{"taxonomy":"post_tag","embeddable":true,"href":"https:\/\/www.messinaoggi.it\/website\/wp-json\/wp\/v2\/tags?post=48621"}],"curies":[{"name":"wp","href":"https:\/\/api.w.org\/{rel}","templated":true}]}}