{"id":48615,"date":"2020-10-31T18:50:17","date_gmt":"2020-10-31T17:50:17","guid":{"rendered":"https:\/\/www.messinaoggi.it\/website\/?p=48615"},"modified":"2020-10-31T18:50:17","modified_gmt":"2020-10-31T17:50:17","slug":"calcio-a-5-serie-b-psg-luce-rende-visita-alla-polisportiva-futura","status":"publish","type":"post","link":"https:\/\/www.messinaoggi.it\/website\/2020\/10\/31\/calcio-a-5-serie-b-psg-luce-rende-visita-alla-polisportiva-futura\/","title":{"rendered":"CALCIO A 5 SERIE B &#8211; PSG Luce rende visita alla Polisportiva Futura"},"content":{"rendered":"<h6><em><strong>Assente Fiumara tra i ragazzi guidati dal tecnico Corrado Martelli<\/strong><\/em><\/h6>\n<p><strong>\u00a0<\/strong>Sono dodici i calciatori convocati da mister Corrado Martelli per la sfida esterna con la Polisportiva Futura, che si disputer\u00e0 al Palazzetto dello Sport di Lazzaro e che sar\u00e0 valida per la terza giornata del girone H. Tra i peloritani rientrano Bucca e Costanzo mentre \u00e8 costretto a fermarsi per infortunio Fiumara, che verr\u00e0 sostituito da Stasi. Di seguito l\u2019elenco completo:<br \/>\n<strong>PORTIERI: <\/strong>Cardile, Stasi<br \/>\n<strong>CENTRALI: <\/strong>Bruno, Bucca<br \/>\n<strong>LATERALI: <\/strong>Boccaccio, Fallico, Foti, Pannuccio, Smedile, Vita, Fallico<br \/>\n<strong>PIVOT: <\/strong>Costanzo, Irrera<div id=\"div-gpt-ad-Messinaoggi.it-DSK-300x250-corpoart\" style=\"text-align:center;margin:0 auto;\"><\/div><\/p>\n<div id=\"videoincontent\" style=\"clear:both\";><\/div>","protected":false},"excerpt":{"rendered":"<p>Assente Fiumara tra i ragazzi guidati dal tecnico Corrado Martelli \u00a0Sono dodici i calciatori convocati da mister Corrado Martelli per la sfida esterna con la Polisportiva Futura, che si disputer\u00e0 al Palazzetto dello Sport di Lazzaro e che sar\u00e0 valida per la terza giornata del girone H. Tra i peloritani rientrano Bucca e Costanzo mentre [&hellip;]<\/p>\n","protected":false},"author":17,"featured_media":48616,"comment_status":"closed","ping_status":"closed","sticky":false,"template":"","format":"standard","meta":{"ub_ctt_via":"","_mi_skip_tracking":false},"categories":[8,9],"tags":[391],"featured_image_src":"https:\/\/www.messinaoggi.it\/website\/wp-content\/uploads\/2020\/10\/Convocati-Futura-Pgs-Luce-.jpeg","author_info":{"display_name":"Giuseppe Luppino","author_link":"https:\/\/www.messinaoggi.it\/website\/author\/g-luppino\/"},"digistream_id":0,"digistream":false,"_links":{"self":[{"href":"https:\/\/www.messinaoggi.it\/website\/wp-json\/wp\/v2\/posts\/48615"}],"collection":[{"href":"https:\/\/www.messinaoggi.it\/website\/wp-json\/wp\/v2\/posts"}],"about":[{"href":"https:\/\/www.messinaoggi.it\/website\/wp-json\/wp\/v2\/types\/post"}],"author":[{"embeddable":true,"href":"https:\/\/www.messinaoggi.it\/website\/wp-json\/wp\/v2\/users\/17"}],"replies":[{"embeddable":true,"href":"https:\/\/www.messinaoggi.it\/website\/wp-json\/wp\/v2\/comments?post=48615"}],"version-history":[{"count":0,"href":"https:\/\/www.messinaoggi.it\/website\/wp-json\/wp\/v2\/posts\/48615\/revisions"}],"wp:featuredmedia":[{"embeddable":true,"href":"https:\/\/www.messinaoggi.it\/website\/wp-json\/wp\/v2\/media\/48616"}],"wp:attachment":[{"href":"https:\/\/www.messinaoggi.it\/website\/wp-json\/wp\/v2\/media?parent=48615"}],"wp:term":[{"taxonomy":"category","embeddable":true,"href":"https:\/\/www.messinaoggi.it\/website\/wp-json\/wp\/v2\/categories?post=48615"},{"taxonomy":"post_tag","embeddable":true,"href":"https:\/\/www.messinaoggi.it\/website\/wp-json\/wp\/v2\/tags?post=48615"}],"curies":[{"name":"wp","href":"https:\/\/api.w.org\/{rel}","templated":true}]}}