{"id":48552,"date":"2020-10-29T16:06:18","date_gmt":"2020-10-29T15:06:18","guid":{"rendered":"https:\/\/www.messinaoggi.it\/website\/?p=48552"},"modified":"2020-10-29T16:06:18","modified_gmt":"2020-10-29T15:06:18","slug":"mareggiate-a-barcellona-arrivano-i-fondi-soddisfatto-galluzzo","status":"publish","type":"post","link":"https:\/\/www.messinaoggi.it\/website\/2020\/10\/29\/mareggiate-a-barcellona-arrivano-i-fondi-soddisfatto-galluzzo\/","title":{"rendered":"Mareggiate a Barcellona, arrivano i fondi: soddisfatto Galluzzo"},"content":{"rendered":"<p class=\"MsoNormal\">L&#8217;onorevole Pino Galluzzo, nella sua qualit\u00e0 di deputato regionale all&#8217;Ars, esprime soddisfazione per il via libera, da parte del Consiglio dei Ministri del finanziamento di una prima somma, pari a di 2 milioni e 100 mila euro per far fronte al disastro causato dalle mareggiate avvenute nel territorio della provincia di Messina nel dicembre 2019 e nel barcellonese soprattutto. Galluzzo evidenzia come il presidente della Regione Siciliana, Nello Musumeci, sia intervenuto sin da subito, presentando in atto tramite la Protezione civile al Governo nazionale tutte le procedure per risolvere questa annosa vicenda che proprio nella zona tirrenica, tra alluvioni e mareggiate, ha creato delle vere e proprie calamit\u00e0 naturali.<div id=\"div-gpt-ad-Messinaoggi.it-DSK-300x250-corpoart\" style=\"text-align:center;margin:0 auto;\"><\/div><\/p>\n<p class=\"MsoNormal\">Adesso sar\u00e0 cura della Regione Siciliana nominare un commissario che potr\u00e0 utilizzare questa prima tranche iniziale per cominciare a coprire le spese di &#8220;somma urgenza&#8221; sostenute dalla protezione civile regionale e dai comuni, potendo cos\u00ec realizzare il piano degli interventi regionali che saranno quindi a carico del Fondo per le emergenze nazionali. Il deputato Pino Galluzzo per anni si \u00e8 battuto e continua a farlo insieme a Diventer\u00e0 Bellissima ed al presidente Musumeci, in questa battaglia per rendere il territorio sempre pi\u00f9 sicuro e ridare decoro e dignit\u00e0 a quanti sono periodicamente vittime di mareggiate ed alluvioni, proprio in quelle zone dove pi\u00f9 spesso sembrano accanirsi le avverse condizioni meteorologiche.<div id=\"videoincontent\" style=\"clear:both\";><\/div><\/p>\n<p class=\"MsoNormal\">\u201cAdesso possiamo finalmente intervenire per la sicurezza nei territori danneggiati dalle mareggiate del dicembre 2019, cos\u00ec come gi\u00e0 fatto pi\u00f9 volte nei mesi scorsi. Il presidente Musumeci ha messo in atto sin da subito le procedure necessarie tramite la protezione civile regionale e subito inoltrate al ministero competente e al governo Conte per ottenere attenzione e risorse immediate &#8211; prosegue Galluzzo &#8211; Adesso, con i primi stanziamenti e con la prossima nomina di un commissario regionale si potr\u00e0 finalmente avviare un piano d\u2019interventi per rendere il territorio pi\u00f9 sicuro e ridare dignit\u00e0 alle comunit\u00e0 danneggiate<span>\u00a0 <\/span>da alluvioni e calamit\u00e0 naturali. La battaglia che Diventer\u00e0 Bellissima, insieme al presidente Musumeci sta portando avanti, continua a dare frutti positivi e auspichiamo che arriveranno altre somme oltre questa prima tranche e tutti i finanziamenti necessari per la messa in sicurezza del territorio\u201d.<\/p>\n","protected":false},"excerpt":{"rendered":"<p>L&#8217;onorevole Pino Galluzzo, nella sua qualit\u00e0 di deputato regionale all&#8217;Ars, esprime soddisfazione per il via libera, da parte del Consiglio dei Ministri del finanziamento di una prima somma, pari a di 2 milioni e 100 mila euro per far fronte al disastro causato dalle mareggiate avvenute nel territorio della provincia di Messina nel dicembre 2019 [&hellip;]<\/p>\n","protected":false},"author":8,"featured_media":8102,"comment_status":"closed","ping_status":"closed","sticky":false,"template":"","format":"standard","meta":{"ub_ctt_via":"","_mi_skip_tracking":false},"categories":[13,14],"tags":[],"featured_image_src":"https:\/\/www.messinaoggi.it\/website\/wp-content\/uploads\/2017\/09\/Galluzzo-Pino-2.jpg","author_info":{"display_name":"red..me","author_link":"https:\/\/www.messinaoggi.it\/website\/author\/redstage\/"},"digistream_id":0,"digistream":false,"_links":{"self":[{"href":"https:\/\/www.messinaoggi.it\/website\/wp-json\/wp\/v2\/posts\/48552"}],"collection":[{"href":"https:\/\/www.messinaoggi.it\/website\/wp-json\/wp\/v2\/posts"}],"about":[{"href":"https:\/\/www.messinaoggi.it\/website\/wp-json\/wp\/v2\/types\/post"}],"author":[{"embeddable":true,"href":"https:\/\/www.messinaoggi.it\/website\/wp-json\/wp\/v2\/users\/8"}],"replies":[{"embeddable":true,"href":"https:\/\/www.messinaoggi.it\/website\/wp-json\/wp\/v2\/comments?post=48552"}],"version-history":[{"count":0,"href":"https:\/\/www.messinaoggi.it\/website\/wp-json\/wp\/v2\/posts\/48552\/revisions"}],"wp:featuredmedia":[{"embeddable":true,"href":"https:\/\/www.messinaoggi.it\/website\/wp-json\/wp\/v2\/media\/8102"}],"wp:attachment":[{"href":"https:\/\/www.messinaoggi.it\/website\/wp-json\/wp\/v2\/media?parent=48552"}],"wp:term":[{"taxonomy":"category","embeddable":true,"href":"https:\/\/www.messinaoggi.it\/website\/wp-json\/wp\/v2\/categories?post=48552"},{"taxonomy":"post_tag","embeddable":true,"href":"https:\/\/www.messinaoggi.it\/website\/wp-json\/wp\/v2\/tags?post=48552"}],"curies":[{"name":"wp","href":"https:\/\/api.w.org\/{rel}","templated":true}]}}