{"id":48526,"date":"2020-10-29T09:54:54","date_gmt":"2020-10-29T08:54:54","guid":{"rendered":"https:\/\/www.messinaoggi.it\/website\/?p=48526"},"modified":"2020-10-29T09:54:54","modified_gmt":"2020-10-29T08:54:54","slug":"se-la-regione-non-aiuta-gli-imprenditori-occuperemo-lassessorato","status":"publish","type":"post","link":"https:\/\/www.messinaoggi.it\/website\/2020\/10\/29\/se-la-regione-non-aiuta-gli-imprenditori-occuperemo-lassessorato\/","title":{"rendered":"&quot;Se la Regione non aiuta gli imprenditori, occuperemo l&#039;assessorato&quot;"},"content":{"rendered":"<p>Ennesimo scontro tra l\u2019amministrazione messinese e il governo regionale. Ieri il sindaco Cateno De Luca ha scritto all\u2019assessore regionale alle Attivit\u00e0 produttive Mimmo Turano, accusandolo di aver bloccato oltre 200 milioni di euro di risorse a fondo perduto da destinare agli imprenditori in difficolt\u00e0 per le recenti restrizioni sulle attivit\u00e0.<br \/>\nAl riguardo, il primo cittadino ha affermato che \u201cse Palermo continua a non mandare i soldi agli imprenditori noi occuperemo le loro poltrone\u201d, cio\u00e8 gli uffici dell\u2019assessorato.<br \/>\n\u201cCon la presente nota le chiedo formalmente di pubblicare l\u2019avviso entro e non oltre una settimana dal ricevimento della nota, perch\u00e9 ogni ulteriore ritardo non solo contribuir\u00e0 ad aggravare la situazione socio-economica, ma costituir\u00e0 anche ragione di un inaccettabile insipienza amministrativa di cui non intendo in nessun modo farmi complice. \u200b\u2013 si legge nella nota di De Luca indirizzata all\u2019assessore regionale &#8211; Trascorso inutilmente questo termine mi vedr\u00f2 costretto ad occupare gli uffici del suo assessorato a fianco dei comparti produttivi al fine di risolvere questo persistente inadempimento che rende ancora pi\u00f9 gravosa questa emergenza socio economica senza precedenti\u201d.<div id=\"div-gpt-ad-Messinaoggi.it-DSK-300x250-corpoart\" style=\"text-align:center;margin:0 auto;\"><\/div><\/p>\n<div id=\"videoincontent\" style=\"clear:both\";><\/div>","protected":false},"excerpt":{"rendered":"<p>Ennesimo scontro tra l\u2019amministrazione messinese e il governo regionale. Ieri il sindaco Cateno De Luca ha scritto all\u2019assessore regionale alle Attivit\u00e0 produttive Mimmo Turano, accusandolo di aver bloccato oltre 200 milioni di euro di risorse a fondo perduto da destinare agli imprenditori in difficolt\u00e0 per le recenti restrizioni sulle attivit\u00e0. Al riguardo, il primo cittadino [&hellip;]<\/p>\n","protected":false},"author":8,"featured_media":45326,"comment_status":"closed","ping_status":"closed","sticky":false,"template":"","format":"standard","meta":{"ub_ctt_via":"","_mi_skip_tracking":false},"categories":[4],"tags":[],"featured_image_src":"https:\/\/www.messinaoggi.it\/website\/wp-content\/uploads\/2020\/07\/cateno-de-luca-3.jpg","author_info":{"display_name":"red..me","author_link":"https:\/\/www.messinaoggi.it\/website\/author\/redstage\/"},"digistream_id":0,"digistream":false,"_links":{"self":[{"href":"https:\/\/www.messinaoggi.it\/website\/wp-json\/wp\/v2\/posts\/48526"}],"collection":[{"href":"https:\/\/www.messinaoggi.it\/website\/wp-json\/wp\/v2\/posts"}],"about":[{"href":"https:\/\/www.messinaoggi.it\/website\/wp-json\/wp\/v2\/types\/post"}],"author":[{"embeddable":true,"href":"https:\/\/www.messinaoggi.it\/website\/wp-json\/wp\/v2\/users\/8"}],"replies":[{"embeddable":true,"href":"https:\/\/www.messinaoggi.it\/website\/wp-json\/wp\/v2\/comments?post=48526"}],"version-history":[{"count":0,"href":"https:\/\/www.messinaoggi.it\/website\/wp-json\/wp\/v2\/posts\/48526\/revisions"}],"wp:featuredmedia":[{"embeddable":true,"href":"https:\/\/www.messinaoggi.it\/website\/wp-json\/wp\/v2\/media\/45326"}],"wp:attachment":[{"href":"https:\/\/www.messinaoggi.it\/website\/wp-json\/wp\/v2\/media?parent=48526"}],"wp:term":[{"taxonomy":"category","embeddable":true,"href":"https:\/\/www.messinaoggi.it\/website\/wp-json\/wp\/v2\/categories?post=48526"},{"taxonomy":"post_tag","embeddable":true,"href":"https:\/\/www.messinaoggi.it\/website\/wp-json\/wp\/v2\/tags?post=48526"}],"curies":[{"name":"wp","href":"https:\/\/api.w.org\/{rel}","templated":true}]}}