{"id":48478,"date":"2020-10-27T21:51:59","date_gmt":"2020-10-27T20:51:59","guid":{"rendered":"https:\/\/www.messinaoggi.it\/website\/?p=48478"},"modified":"2020-10-27T21:51:59","modified_gmt":"2020-10-27T20:51:59","slug":"karting-salvatore-alfio-sardo-campione-italiano-categoria-60-minikart","status":"publish","type":"post","link":"https:\/\/www.messinaoggi.it\/website\/2020\/10\/27\/karting-salvatore-alfio-sardo-campione-italiano-categoria-60-minikart\/","title":{"rendered":"KARTING &#8211; Salvatore Alfio Sardo campione italiano categoria 60 Minikart"},"content":{"rendered":"<h6 class=\"gmail-yiv5624629579ydpa710bf8fheading4\" style=\"text-align: left\" align=\"center\"><span class=\"gmail-yiv5624629579\"><b><i>Dal karting arriva in Sicilia l\u2019ambito titolo Tricolore. Battaglia: Orgogliosi del risultato<\/i><\/b><\/span><\/h6>\n<p class=\"gmail-yiv5624629579ydpa710bf8fheading4\" style=\"text-align: justify\"><span class=\"gmail-yiv5624629579\">Salvatore Alfio Sardo, giovanissimo pilota catanese di Trecastagni \u00e8 il campione Italiano della categoria 60 Minikart 2020. Ha coronato una stagione davvero fantastica con tre vittorie, 2 a Sarno e 1 ad Adria, 2 secondi posti e altri nobili piazzamenti per uno score che lo ha visto sempre all\u2019arrivo.<\/span><div id=\"div-gpt-ad-Messinaoggi.it-DSK-300x250-corpoart\" style=\"text-align:center;margin:0 auto;\"><\/div><\/p>\n<p class=\"gmail-yiv5624629579ydpa710bf8fheading4\" style=\"text-align: justify\"><span class=\"gmail-yiv5624629579\">Figlio d\u2019arte, suo padre Nino anche lui kartista, ha dimostrato di aver appreso tutto alla svelta, migliorando le sue prestazioni di volta in volta\u00a0 grazie anche al supporto tecnico del Team Taccetta che lo ha assistito con perizia.<\/span><div id=\"videoincontent\" style=\"clear:both\";><\/div><\/p>\n<p class=\"gmail-yiv5624629579ydpa710bf8fheading4\" style=\"text-align: justify\"><span class=\"gmail-yiv5624629579\">\u00a0Sardo ha rappresentato nell\u2019ambito di questa stagione la punta di un gruppo di promettenti piloti siciliani che si sono messi in luce come recita la classifica del campionato tricolore con il terzo posto di Ludovico e ancora i piazzamenti di Daniele Schillace e di Bruno Blanco , tutti piloti della provincia ragusana.<\/span><\/p>\n<p class=\"gmail-yiv5624629579ydpa710bf8fheading4\" style=\"text-align: justify\"><span class=\"gmail-yiv5624629579\">&#8220;<em>Siamo contentissimi per questo titolo, desidero complimentarmi con il giovanissimo pilota<\/em> &#8211; ha commentato il delegato Aci Sport Sicilia e referente regionale per il kart \u2013 <em>il mio auspicio \u00e8 che possa proseguire la sua carriera sportiva con ulteriori brillanti successi. Questo comunque \u00e8 un titolo importantissimo proprio perch\u00e8 rappresenta il primo gradino a livello nazionale in ambito kartistico. Vincerlo \u00e8 fondamentale come \u00e8 avvenuto per i tanti campioni successivamente maturati sui mini bolidi a ruote scoperte e approdati ad altre specialit\u00e0 automobilistiche. Ancora una volta un nome siciliano di cui andare orgogliosi.&#8221;<\/em><\/span><\/p>\n","protected":false},"excerpt":{"rendered":"<p>Dal karting arriva in Sicilia l\u2019ambito titolo Tricolore. Battaglia: Orgogliosi del risultato Salvatore Alfio Sardo, giovanissimo pilota catanese di Trecastagni \u00e8 il campione Italiano della categoria 60 Minikart 2020. Ha coronato una stagione davvero fantastica con tre vittorie, 2 a Sarno e 1 ad Adria, 2 secondi posti e altri nobili piazzamenti per uno score [&hellip;]<\/p>\n","protected":false},"author":17,"featured_media":48480,"comment_status":"closed","ping_status":"closed","sticky":false,"template":"","format":"standard","meta":{"ub_ctt_via":"","_mi_skip_tracking":false},"categories":[8,9],"tags":[163,408],"featured_image_src":"https:\/\/www.messinaoggi.it\/website\/wp-content\/uploads\/2020\/10\/sardo.jpg","author_info":{"display_name":"Giuseppe Luppino","author_link":"https:\/\/www.messinaoggi.it\/website\/author\/g-luppino\/"},"digistream_id":0,"digistream":false,"_links":{"self":[{"href":"https:\/\/www.messinaoggi.it\/website\/wp-json\/wp\/v2\/posts\/48478"}],"collection":[{"href":"https:\/\/www.messinaoggi.it\/website\/wp-json\/wp\/v2\/posts"}],"about":[{"href":"https:\/\/www.messinaoggi.it\/website\/wp-json\/wp\/v2\/types\/post"}],"author":[{"embeddable":true,"href":"https:\/\/www.messinaoggi.it\/website\/wp-json\/wp\/v2\/users\/17"}],"replies":[{"embeddable":true,"href":"https:\/\/www.messinaoggi.it\/website\/wp-json\/wp\/v2\/comments?post=48478"}],"version-history":[{"count":0,"href":"https:\/\/www.messinaoggi.it\/website\/wp-json\/wp\/v2\/posts\/48478\/revisions"}],"wp:featuredmedia":[{"embeddable":true,"href":"https:\/\/www.messinaoggi.it\/website\/wp-json\/wp\/v2\/media\/48480"}],"wp:attachment":[{"href":"https:\/\/www.messinaoggi.it\/website\/wp-json\/wp\/v2\/media?parent=48478"}],"wp:term":[{"taxonomy":"category","embeddable":true,"href":"https:\/\/www.messinaoggi.it\/website\/wp-json\/wp\/v2\/categories?post=48478"},{"taxonomy":"post_tag","embeddable":true,"href":"https:\/\/www.messinaoggi.it\/website\/wp-json\/wp\/v2\/tags?post=48478"}],"curies":[{"name":"wp","href":"https:\/\/api.w.org\/{rel}","templated":true}]}}