{"id":48453,"date":"2020-10-27T10:24:11","date_gmt":"2020-10-27T09:24:11","guid":{"rendered":"https:\/\/www.messinaoggi.it\/website\/?p=48453"},"modified":"2020-10-27T10:24:11","modified_gmt":"2020-10-27T09:24:11","slug":"commemorazione-defunti-ecco-gli-orari-e-le-modalita-di-accesso-ai-cimiteri","status":"publish","type":"post","link":"https:\/\/www.messinaoggi.it\/website\/2020\/10\/27\/commemorazione-defunti-ecco-gli-orari-e-le-modalita-di-accesso-ai-cimiteri\/","title":{"rendered":"Commemorazione defunti: ecco gli orari e le modalit\u00e0 di accesso ai cimiteri"},"content":{"rendered":"<p>In occasione della commemorazione dei defunti, i cimiteri cittadini rimarranno aperti dalle ore 8 alle 17 di venerd\u00ec 30, sabato 31, domenica 1 e luned\u00ec 2 novembre. A causa delle restrizioni imposte dalle misure anti-Covid, la tradizionale celebrazione eucaristica, presieduta dal vescovo ausiliare monsignor Cesare Di Pietro, sar\u00e0 officiata nella Parrocchia di Santa Maria di Ges\u00f9 a Provinciale, luned\u00ec 2 novembre, alle ore 11.<br \/>\nAll\u2019interno del Gran Camposanto saranno garantiti mezzi di trasporto con personale della Messina Social City per l\u2019assistenza alle persone anziane e ai disabili e potenziati i servizi all\u2019esterno con mezzi Atm. Il volontariato della Protezione Civile assicurer\u00e0 il supporto necessario a sensibilizzare la cittadinanza al rispetto delle misure anticontagio, quali l\u2019uso della mascherina e il distanziamento sociale per evitare assembramenti. Luned\u00ec 2 gli stessi volontari gestiranno il contingentamento agli accessi della Chiesa Santa Maria di Ges\u00f9 a Provinciale e ambulanze e volontari del servizio sanitario saranno presenti agli ingressi del Gran Camposanto.<br \/>\nL\u2019assessore Massimiliano Minutoli ha espresso \u201csoddisfazione per gli interventi di manutenzione che il personale dell\u2019Amam e della Messinaservizi sta effettuando in questi giorni per rendere maggiormente accoglienti i cimiteri cittadini. Saranno sospese le attivit\u00e0 di lavorazioni edili nei giorni di maggiore afflusso allo scopo di non interferire con le visite della cittadinanza ai vari settori e saranno poste in sicurezza le aree di cantiere con invito al rispetto delle limitazioni in atto. In considerazione del particolare momento che si sta vivendo a causa del Covid \u2013 ribadisce l\u2019assessore \u2013 confidiamo nella sensibilit\u00e0 dei cittadini da cui ci aspettiamo la massima collaborazione\u201d.<div id=\"div-gpt-ad-Messinaoggi.it-DSK-300x250-corpoart\" style=\"text-align:center;margin:0 auto;\"><\/div><\/p>\n<div id=\"videoincontent\" style=\"clear:both\";><\/div>","protected":false},"excerpt":{"rendered":"<p>In occasione della commemorazione dei defunti, i cimiteri cittadini rimarranno aperti dalle ore 8 alle 17 di venerd\u00ec 30, sabato 31, domenica 1 e luned\u00ec 2 novembre. A causa delle restrizioni imposte dalle misure anti-Covid, la tradizionale celebrazione eucaristica, presieduta dal vescovo ausiliare monsignor Cesare Di Pietro, sar\u00e0 officiata nella Parrocchia di Santa Maria di [&hellip;]<\/p>\n","protected":false},"author":8,"featured_media":33592,"comment_status":"closed","ping_status":"closed","sticky":false,"template":"","format":"standard","meta":{"ub_ctt_via":"","_mi_skip_tracking":false},"categories":[5],"tags":[],"featured_image_src":"https:\/\/www.messinaoggi.it\/website\/wp-content\/uploads\/2019\/06\/3E1979F0-D8BF-434C-83AA-53AAE64BEFD4.jpeg","author_info":{"display_name":"red..me","author_link":"https:\/\/www.messinaoggi.it\/website\/author\/redstage\/"},"digistream_id":0,"digistream":false,"_links":{"self":[{"href":"https:\/\/www.messinaoggi.it\/website\/wp-json\/wp\/v2\/posts\/48453"}],"collection":[{"href":"https:\/\/www.messinaoggi.it\/website\/wp-json\/wp\/v2\/posts"}],"about":[{"href":"https:\/\/www.messinaoggi.it\/website\/wp-json\/wp\/v2\/types\/post"}],"author":[{"embeddable":true,"href":"https:\/\/www.messinaoggi.it\/website\/wp-json\/wp\/v2\/users\/8"}],"replies":[{"embeddable":true,"href":"https:\/\/www.messinaoggi.it\/website\/wp-json\/wp\/v2\/comments?post=48453"}],"version-history":[{"count":0,"href":"https:\/\/www.messinaoggi.it\/website\/wp-json\/wp\/v2\/posts\/48453\/revisions"}],"wp:featuredmedia":[{"embeddable":true,"href":"https:\/\/www.messinaoggi.it\/website\/wp-json\/wp\/v2\/media\/33592"}],"wp:attachment":[{"href":"https:\/\/www.messinaoggi.it\/website\/wp-json\/wp\/v2\/media?parent=48453"}],"wp:term":[{"taxonomy":"category","embeddable":true,"href":"https:\/\/www.messinaoggi.it\/website\/wp-json\/wp\/v2\/categories?post=48453"},{"taxonomy":"post_tag","embeddable":true,"href":"https:\/\/www.messinaoggi.it\/website\/wp-json\/wp\/v2\/tags?post=48453"}],"curies":[{"name":"wp","href":"https:\/\/api.w.org\/{rel}","templated":true}]}}