{"id":48443,"date":"2020-10-27T09:16:12","date_gmt":"2020-10-27T08:16:12","guid":{"rendered":"https:\/\/www.messinaoggi.it\/website\/?p=48443"},"modified":"2020-10-27T09:16:12","modified_gmt":"2020-10-27T08:16:12","slug":"cacciotto-e-gioveni-si-converta-lospedale-militare-in-centro-covid","status":"publish","type":"post","link":"https:\/\/www.messinaoggi.it\/website\/2020\/10\/27\/cacciotto-e-gioveni-si-converta-lospedale-militare-in-centro-covid\/","title":{"rendered":"Cacciotto e Gioveni: &quot;Si converta l&#039;ospedale militare in centro Covid&quot;"},"content":{"rendered":"<p>\u201cRiconvertire l&#8217;ospedale militare di Messina per ospitare eventuali terapie intensive potrebbe rappresentare una valida soluzione\u201d. I consiglieri di Fratelli d\u2019Italia della III Municipalit\u00e0 e del Consiglio Comunale, rispettivamente Alessandro Cacciotto e Libero Gioveni, propongono di riconvertire la struttura ospedaliera sita sul viale Europa per potenziare la sanit\u00e0 messinese in termini di strutture Covid-19.<br \/>\n\u201cNon si pu\u00f2 pensare di curare il Covid quasi esclusivamente a colpi di DPCM o di ordinanze ma \u00e8 necessaria una risposta da dare alla citt\u00e0 in termini di sanit\u00e0 straordinaria, eccezionale. Per questo motivo chiederemo immediatamente al deputato regionale di FdI Elvira Amata di rappresentare la nostra proposta a Palermo dal Presidente Musumeci nonch\u00e9 di veicolarla a Roma, anche per il tramite del capogruppo alla Camera di FdI, Francesco Lollobrigida, affinch\u00e9 la citt\u00e0 metropolitana di Messina possa col potenziamento dell\u2019offerta sanitaria essere maggiormente pronta alle emergenze Covid.<br \/>\n\u201cServono risorse subito ed appaltare lavori senza perdere ulteriore tempo in dirette Facebook. Aiuto alle imprese ed ai settori penalizzati e offerta sanitaria devono essere al centro dell&#8217;agenda politica regionale e nazionale\u201d.<div id=\"div-gpt-ad-Messinaoggi.it-DSK-300x250-corpoart\" style=\"text-align:center;margin:0 auto;\"><\/div><\/p>\n<div id=\"videoincontent\" style=\"clear:both\";><\/div>","protected":false},"excerpt":{"rendered":"<p>\u201cRiconvertire l&#8217;ospedale militare di Messina per ospitare eventuali terapie intensive potrebbe rappresentare una valida soluzione\u201d. I consiglieri di Fratelli d\u2019Italia della III Municipalit\u00e0 e del Consiglio Comunale, rispettivamente Alessandro Cacciotto e Libero Gioveni, propongono di riconvertire la struttura ospedaliera sita sul viale Europa per potenziare la sanit\u00e0 messinese in termini di strutture Covid-19. \u201cNon si [&hellip;]<\/p>\n","protected":false},"author":8,"featured_media":15003,"comment_status":"closed","ping_status":"closed","sticky":false,"template":"","format":"standard","meta":{"ub_ctt_via":"","_mi_skip_tracking":false},"categories":[4],"tags":[],"featured_image_src":"https:\/\/www.messinaoggi.it\/website\/wp-content\/uploads\/2018\/01\/Foto-Cacciotto-e-Gioveni-2-1.jpg","author_info":{"display_name":"red..me","author_link":"https:\/\/www.messinaoggi.it\/website\/author\/redstage\/"},"digistream_id":0,"digistream":false,"_links":{"self":[{"href":"https:\/\/www.messinaoggi.it\/website\/wp-json\/wp\/v2\/posts\/48443"}],"collection":[{"href":"https:\/\/www.messinaoggi.it\/website\/wp-json\/wp\/v2\/posts"}],"about":[{"href":"https:\/\/www.messinaoggi.it\/website\/wp-json\/wp\/v2\/types\/post"}],"author":[{"embeddable":true,"href":"https:\/\/www.messinaoggi.it\/website\/wp-json\/wp\/v2\/users\/8"}],"replies":[{"embeddable":true,"href":"https:\/\/www.messinaoggi.it\/website\/wp-json\/wp\/v2\/comments?post=48443"}],"version-history":[{"count":0,"href":"https:\/\/www.messinaoggi.it\/website\/wp-json\/wp\/v2\/posts\/48443\/revisions"}],"wp:featuredmedia":[{"embeddable":true,"href":"https:\/\/www.messinaoggi.it\/website\/wp-json\/wp\/v2\/media\/15003"}],"wp:attachment":[{"href":"https:\/\/www.messinaoggi.it\/website\/wp-json\/wp\/v2\/media?parent=48443"}],"wp:term":[{"taxonomy":"category","embeddable":true,"href":"https:\/\/www.messinaoggi.it\/website\/wp-json\/wp\/v2\/categories?post=48443"},{"taxonomy":"post_tag","embeddable":true,"href":"https:\/\/www.messinaoggi.it\/website\/wp-json\/wp\/v2\/tags?post=48443"}],"curies":[{"name":"wp","href":"https:\/\/api.w.org\/{rel}","templated":true}]}}