{"id":4844,"date":"2017-07-15T11:37:25","date_gmt":"2017-07-15T09:37:25","guid":{"rendered":"http:\/\/www.messinaoggi.it\/website\/?p=4844"},"modified":"2017-07-15T11:37:25","modified_gmt":"2017-07-15T09:37:25","slug":"lunedi-la-camera-di-commercio-eleggera-il-suo-nuovo-presidente-mancuso-si-guardi-a-una-nuova-mission","status":"publish","type":"post","link":"https:\/\/www.messinaoggi.it\/website\/2017\/07\/15\/lunedi-la-camera-di-commercio-eleggera-il-suo-nuovo-presidente-mancuso-si-guardi-a-una-nuova-mission\/","title":{"rendered":"Luned\u00ec la Camera di Commercio elegger\u00e0 nuovo presidente. Mancuso: \u201cSi guardi a una nuova mission\u201d"},"content":{"rendered":"<p style=\"text-align: justify\" align=\"LEFT\">\u201c<span style=\"font-family: Verdana, sans-serif\"><span style=\"font-size: medium\">Dopo anni di commissariamento che hanno impedito la partecipazione delle varie categorie economiche alla gestione per la Camera di Commercio, Industria, Artigianato ed Agricoltura di Messina, l&#8217;assessore regionale alle attivit\u00e0 produttive dovr\u00e0 procedere all&#8217;insediamento dei nuovi organismi di gestione dell&#8217;Ente, dopo averne individuato con proprio decreto i criteri di composizione\u201d. \u00c8 quanto afferma il senatore di AP Bruno Mancuso, noto per le sue battaglie al Senato in difesa dell&#8217;autonomia delle Camere di Commercio delle citt\u00e0 metropolitane, in riferimento all\u2019insediamento del consiglio camerale della Camera di Commercio di Messina che si terr\u00e0 luned\u00ec 17 luglio durante il quale verr\u00e0 eletto il nuovo Presidente che guider\u00e0 l&#8217;ente per i prossimi cinque anni.<\/span><\/span><div id=\"div-gpt-ad-Messinaoggi.it-DSK-300x250-corpoart\" style=\"text-align:center;margin:0 auto;\"><\/div><\/p>\n<p style=\"text-align: justify\" align=\"LEFT\">\u201c<span style=\"font-family: Verdana, sans-serif\"><span style=\"font-size: medium\">\u00c8 auspicabile \u2013 prosegue il senatore \u2013 che ci\u00f2 possa verificarsi senza ulteriori inammissibili ritardi e che, dopo l&#8217;insediamento del Consiglio, espressione delle varie realt\u00e0 economiche e produttive, venga nominato un Presidente che abbia quelle capacit\u00e0 manageriali e possieda quei rapporti relazionali necessari al rilancio dell&#8217;ente e richiesti dalla nuova <i>mission<\/i> della Camera di Commercio. Una mission che, secondo la legge Mad\u00eca non pu\u00f2 guardare solo all&#8217;erogazione di servizi, ma dovr\u00e0 portare l&#8217;Ente a svolgere un ruolo strategico nel territorio, quale agenzia di sviluppo promotrice della valorizzazione economica e sociale della variegata realt\u00e0 metropolitana.<br \/>\nCi\u00f2 in considerazione anche delle nuove funzioni che la legge attribuisce alle Camere di Commercio e riguardanti l&#8217;accompagnamento nella fase di crescita di nuove imprese giovanili e femminili, la promozione dei processi di innovazione nei settori produttivi, e l&#8217;assistenza e la consulenza tecnica per l&#8217;intercettazione e lo sfruttamento dei fondi strutturali comunitari per le aziende\u201d.<\/span><\/span><div id=\"videoincontent\" style=\"clear:both\";><\/div><\/p>\n","protected":false},"excerpt":{"rendered":"<p>\u201cDopo anni di commissariamento che hanno impedito la partecipazione delle varie categorie economiche alla gestione per la Camera di Commercio, Industria, Artigianato ed Agricoltura di Messina, l&#8217;assessore regionale alle attivit\u00e0 produttive dovr\u00e0 procedere all&#8217;insediamento dei nuovi organismi di gestione dell&#8217;Ente, dopo averne individuato con proprio decreto i criteri di composizione\u201d. \u00c8 quanto afferma il senatore [&hellip;]<\/p>\n","protected":false},"author":10,"featured_media":1977,"comment_status":"closed","ping_status":"open","sticky":false,"template":"","format":"standard","meta":{"ub_ctt_via":"","_mi_skip_tracking":false},"categories":[4],"tags":[],"featured_image_src":"https:\/\/www.messinaoggi.it\/website\/wp-content\/uploads\/2017\/06\/Mancuso-Bruno-Papandrea-2.jpg","author_info":{"display_name":"Paolo Mustica","author_link":"https:\/\/www.messinaoggi.it\/website\/author\/p-mustica\/"},"digistream_id":0,"digistream":false,"_links":{"self":[{"href":"https:\/\/www.messinaoggi.it\/website\/wp-json\/wp\/v2\/posts\/4844"}],"collection":[{"href":"https:\/\/www.messinaoggi.it\/website\/wp-json\/wp\/v2\/posts"}],"about":[{"href":"https:\/\/www.messinaoggi.it\/website\/wp-json\/wp\/v2\/types\/post"}],"author":[{"embeddable":true,"href":"https:\/\/www.messinaoggi.it\/website\/wp-json\/wp\/v2\/users\/10"}],"replies":[{"embeddable":true,"href":"https:\/\/www.messinaoggi.it\/website\/wp-json\/wp\/v2\/comments?post=4844"}],"version-history":[{"count":0,"href":"https:\/\/www.messinaoggi.it\/website\/wp-json\/wp\/v2\/posts\/4844\/revisions"}],"wp:featuredmedia":[{"embeddable":true,"href":"https:\/\/www.messinaoggi.it\/website\/wp-json\/wp\/v2\/media\/1977"}],"wp:attachment":[{"href":"https:\/\/www.messinaoggi.it\/website\/wp-json\/wp\/v2\/media?parent=4844"}],"wp:term":[{"taxonomy":"category","embeddable":true,"href":"https:\/\/www.messinaoggi.it\/website\/wp-json\/wp\/v2\/categories?post=4844"},{"taxonomy":"post_tag","embeddable":true,"href":"https:\/\/www.messinaoggi.it\/website\/wp-json\/wp\/v2\/tags?post=4844"}],"curies":[{"name":"wp","href":"https:\/\/api.w.org\/{rel}","templated":true}]}}