{"id":48386,"date":"2020-10-25T18:00:43","date_gmt":"2020-10-25T17:00:43","guid":{"rendered":"https:\/\/www.messinaoggi.it\/website\/?p=48386"},"modified":"2020-10-25T18:00:43","modified_gmt":"2020-10-25T17:00:43","slug":"ospedale-di-lipari-il-sindaco-incalza-razza-assistenza-sanitaria-non-garantita","status":"publish","type":"post","link":"https:\/\/www.messinaoggi.it\/website\/2020\/10\/25\/ospedale-di-lipari-il-sindaco-incalza-razza-assistenza-sanitaria-non-garantita\/","title":{"rendered":"Ospedale di Lipari, il sindaco incalza Razza: &quot;Assistenza sanitaria non garantita&quot;"},"content":{"rendered":"<p>Come anticipato nella sua ultima diretta Facebook, il sindaco \u00a0di Lipari, Marco Giorgianni, si recher\u00e0 domani a Palermo insieme all\u2019assessore Tiziana De Luca e a Sandro Biviano per chiedere di essere ricevuto dall\u2019assessore regionale alla Salute, Ruggero Razza ed affrontare le problematiche legate all\u2019ospedale di Lipari, soprattutto per quel che riguarda la gravecarenza di personale medico, infermieristico a fronte degli impegni che lo stesso assessore regionale aveva preso durante la sua venuta a Lipari.<br \/>\n&#8220;Le azioni messe in campo finora dall\u2019assessorato e dall\u2019Asp di Messina &#8211; si legge in un comunicato &#8211; si sono rivelate del tutto inadatte e hanno avuto esiti insignificanti, lasciando i cittadini eoliani nella medesima situazione di precariet\u00e0 per l\u2019assistenza sanitaria che non viene opportunamente (e come legge prevede) garantita.<br \/>\nOccasione utile avrebbe dovuto essere la seduta del tavolo tecnico per le problematiche sanitarie delle isole minori, svoltasi giorno 22 in videoconferenza, con la partecipazione dei sindaci e dei rappresentanti dei comitati cittadini, ma a cui sia l\u2019assessore Razza che il Direttore generale dell\u2019Asp La Paglia non hanno partecipato, senza addurre alcuna motivazione, confermando purtroppo un disinteresse che non pu\u00f2 essere silenziosamente accettato: \u00e8 stata presentata infatti qualche marginale e limitata iniziativa, peraltro non ancora formalizzata, ma non ci \u00e8 stata data alcuna risposta alla domanda \u2013 fatta per ben tre volte dal sindaco Giorgianni &#8211; su quella che \u00e8 la pi\u00f9 urgente, come anche la pi\u00f9 nota, criticit\u00e0 del nosocomio eoliano, la dotazione organica, ovvero la necessit\u00e0 di un concorso\/mobilit\u00e0 su base regionale e interregionale per reclutare tutte le figure mancanti. Il tempo della pazienza \u00e8 finito.<br \/>\nPer questo motivo, il sindaco ha dichiarato che non far\u00e0 rientro a Lipari finch\u00e8 non otterr\u00e0 risposte certe e tempi altrettanto certi e soddisfacenti, che tengano veramente conto delle esigenze del nostro territorio e di quello che, per norma, dovrebbe garantirci il nostro presidio ospedaliero, tanto pi\u00f9 che la situazione sanitaria legata al Covid 19 su tutto il territorio nazionale si sta rapidamente aggravando.<br \/>\nProprio per questo motivo, date le ultime notizie sull\u2019evolversi della pandemia seppur non legate alla conduzione del nostro territorio, siamo consapevoli, come Amministrazione comunale, che sia inopportuno organizzare manifestazioni che potrebbero diventare luogo di assembramento e quindi di rischio,\u00a0 ma come comunit\u00e0 abbiamo il dovere di essere uniti e determinati nella difesa del nostro ospedale\u00a0 e quindi a tutti, e in particolare alle attivit\u00e0 produttive, chiediamo di contribuire a dare un segnale di protesta e partecipazione attraverso una serrata generale di due ore, tenendo le proprie attivit\u00e0 chiuse dalle 9 alle 11\u00a0di luned\u00ec mattina per un problema che riguarda tutti e di fronte al quale bisogna mettere da parte posizioni politiche, ideologie, simpatie e antipatie ed arrivare \u201csimbolicamente\u201d tutti insieme a Palermo, visto che farlo fisicamente non ci \u00e8 possibile, per la tutela della salute e della sicurezza di tutti.<br \/>\nAuspichiamo quindi nella pi\u00f9 ampia adesione a questa iniziativa che, seppur simbolica, dar\u00e0 la conferma \u2013 a chi ancora ne avesse bisogno \u2013 che la comunit\u00e0 eoliana \u00e8 stanca, \u00e8 unita, \u00e8 tenace ed \u00e8 irremovibile nel difendere il proprio diritto alla salute e ad avere un Ospedale funzionante e completo di tutto ci\u00f2 che la legge prevede, perch\u00e9 in un territorio insulare come il nostro non possiamo permetterci di non avere medici, infermieri personale e tutto quanto necessario a ricevere cure e assistenza adeguate&#8221;.<div id=\"div-gpt-ad-Messinaoggi.it-DSK-300x250-corpoart\" style=\"text-align:center;margin:0 auto;\"><\/div><\/p>\n<div id=\"videoincontent\" style=\"clear:both\";><\/div>","protected":false},"excerpt":{"rendered":"<p>Come anticipato nella sua ultima diretta Facebook, il sindaco \u00a0di Lipari, Marco Giorgianni, si recher\u00e0 domani a Palermo insieme all\u2019assessore Tiziana De Luca e a Sandro Biviano per chiedere di essere ricevuto dall\u2019assessore regionale alla Salute, Ruggero Razza ed affrontare le problematiche legate all\u2019ospedale di Lipari, soprattutto per quel che riguarda la gravecarenza di personale [&hellip;]<\/p>\n","protected":false},"author":4,"featured_media":22408,"comment_status":"closed","ping_status":"closed","sticky":false,"template":"","format":"standard","meta":{"ub_ctt_via":"","_mi_skip_tracking":false},"categories":[13,14],"tags":[],"featured_image_src":"https:\/\/www.messinaoggi.it\/website\/wp-content\/uploads\/2018\/07\/lipari-ingresso-ospedale-1.jpg","author_info":{"display_name":"redme","author_link":"https:\/\/www.messinaoggi.it\/website\/author\/redme\/"},"digistream_id":0,"digistream":false,"_links":{"self":[{"href":"https:\/\/www.messinaoggi.it\/website\/wp-json\/wp\/v2\/posts\/48386"}],"collection":[{"href":"https:\/\/www.messinaoggi.it\/website\/wp-json\/wp\/v2\/posts"}],"about":[{"href":"https:\/\/www.messinaoggi.it\/website\/wp-json\/wp\/v2\/types\/post"}],"author":[{"embeddable":true,"href":"https:\/\/www.messinaoggi.it\/website\/wp-json\/wp\/v2\/users\/4"}],"replies":[{"embeddable":true,"href":"https:\/\/www.messinaoggi.it\/website\/wp-json\/wp\/v2\/comments?post=48386"}],"version-history":[{"count":0,"href":"https:\/\/www.messinaoggi.it\/website\/wp-json\/wp\/v2\/posts\/48386\/revisions"}],"wp:featuredmedia":[{"embeddable":true,"href":"https:\/\/www.messinaoggi.it\/website\/wp-json\/wp\/v2\/media\/22408"}],"wp:attachment":[{"href":"https:\/\/www.messinaoggi.it\/website\/wp-json\/wp\/v2\/media?parent=48386"}],"wp:term":[{"taxonomy":"category","embeddable":true,"href":"https:\/\/www.messinaoggi.it\/website\/wp-json\/wp\/v2\/categories?post=48386"},{"taxonomy":"post_tag","embeddable":true,"href":"https:\/\/www.messinaoggi.it\/website\/wp-json\/wp\/v2\/tags?post=48386"}],"curies":[{"name":"wp","href":"https:\/\/api.w.org\/{rel}","templated":true}]}}