{"id":48363,"date":"2020-10-25T09:23:49","date_gmt":"2020-10-25T08:23:49","guid":{"rendered":"https:\/\/www.messinaoggi.it\/website\/?p=48363"},"modified":"2020-10-25T09:23:49","modified_gmt":"2020-10-25T08:23:49","slug":"la-competenza-non-e-una-bestemmia","status":"publish","type":"post","link":"https:\/\/www.messinaoggi.it\/website\/2020\/10\/25\/la-competenza-non-e-una-bestemmia\/","title":{"rendered":"La competenza non \u00e8 una bestemmia&#8230;"},"content":{"rendered":"<p style=\"text-align: justify;\">Finito il lockdown arriv\u00f2 l\u2019estate. Il tempo \u00e8 scorso, come sempre, senza fermarsi: oggi incombe una nuova pandemia. Quattro lunghi mesi in cui la politica si \u00e8 concentrata solo sui cosiddetti \u201cfurbetti del bonus e sulla necessit\u00e0 dell\u2019alleanza Pd-M5S\u201d. Di fronte a problemi sanitari, economici e sociali biblici, i giornali hanno riportato \u201cil pensiero\u201d di Crimi da Bagheria e Di Maio da Pomigliano d\u2019Arco!<div id=\"div-gpt-ad-Messinaoggi.it-DSK-300x250-corpoart\" style=\"text-align:center;margin:0 auto;\"><\/div><\/p>\n<p style=\"text-align: justify;\">Scenario desolante, vera quarantena intellettiva e manipolazione della realt\u00e0. La Politica arte dello Stato, \u00e8 stata sostituita dal chiacchiericcio. Chiachiericcio virologico, chiachiericcio sugli Stati Generali di Conte (celebrati) e del M5S (da celebrare), chiachiericcio sugli sbarchi. Ci\u00f2 ha trovato molto pi\u00f9 spazio pubblico dei drammatici problemi, che la pandemia ha provocato nel mondo del lavoro e delle imprese e quindi nella vita delle persone. La narrazione di giornalisti e conduttori televisivi appecorati ci ha detto che questo governo ha salvato il Paese dal disastro. La realt\u00e0, invece, fotografa impietosamente che il Covid ha salvato questo governo da un fallimento annunciato. Venne poi il Referendum sul taglio dei parlamentari, espressione del pi\u00f9 becero populismo d\u2019accatto che confligge con quanto Max Weber ha insegnato: \u201cla politica non \u00e8 mestiere per tutti\u201d.<div id=\"videoincontent\" style=\"clear:both\";><\/div><\/p>\n<p style=\"text-align: justify;\">Egli ha lucidamente descritto la differenza fra qualit\u00e0 e quantit\u00e0, introducendo il concetto fondamentale della competenza. Mancava in questa narrazione \u201cil dramma privato\u201d, divenuto nazionale, del pensionamento cui \u00e8 stato obbligato il Dott. Pier Camillo Davigo. L\u2019Olocausto \u00e8 stato raccontato con meno pathos! Eppure il Dott. Davigo non \u00e8 Cesare Beccaria e nemmeno una persona coerente: basti riflettere (non bisogna essere Marco Travaglio) sul fatto che si \u00e8 rivolto al TAR &#8211; mentre ha sempre sostenuto che le sentenze vanno rispettate (&#8230;per gli altri) -. N\u00e8 bisogna dimenticare quanto, l\u2019apostolo della giustizia, ha esternato con protervia e sicumera negli studi televisivi compiacenti in riferimento all\u2019innocenza: \u201cneppure un verdetto favorevole all\u2019imputato monda un imputato dall\u2019accusa di essere colpevole\u201d. Ma c\u2019\u00e8 stata anche una sentenza della Corte d\u2019Appello di Venezia &#8211; che contravvenendo a leggi e procedure &#8211; ha permesso ad un rappresentante della lista del M5S (2,4%) di sedere nel Consiglio Regionale Veneto (&#8230;.incredibile ma vero). \u00c8 successo anche questo!<br \/>\nCompetenza e responsabilit\u00e0 sono ormai bestemmie. \u201cOggi, grazie alla rete e alle tecnologie, esistono strumenti di partecipazione decisamente pi\u00f9 democratici ed efficaci in termini di rappresentativit\u00e0 popolare di qualunque modello novecentesco. Il superamento della democrazia parlamentare \u00e8 inevitabile\u201d (Casaleggio). Mi chiedo se il popolo sovrano \u00e8 consapevole di questa propaganda di regime e delle conseguenze di questo disegno. Forse bisognerebbe recuperare la competenza.<\/p>\n<p style=\"text-align: right;\"><strong>Diego Celi<\/strong><\/p>\n","protected":false},"excerpt":{"rendered":"<p>Finito il lockdown arriv\u00f2 l\u2019estate. Il tempo \u00e8 scorso, come sempre, senza fermarsi: oggi incombe una nuova pandemia. Quattro lunghi mesi in cui la politica si \u00e8 concentrata solo sui cosiddetti \u201cfurbetti del bonus e sulla necessit\u00e0 dell\u2019alleanza Pd-M5S\u201d. Di fronte a problemi sanitari, economici e sociali biblici, i giornali hanno riportato \u201cil pensiero\u201d di [&hellip;]<\/p>\n","protected":false},"author":2,"featured_media":41036,"comment_status":"closed","ping_status":"closed","sticky":false,"template":"","format":"standard","meta":{"ub_ctt_via":"","_mi_skip_tracking":false},"categories":[19],"tags":[],"featured_image_src":"https:\/\/www.messinaoggi.it\/website\/wp-content\/uploads\/2020\/03\/conte-giuseppe.jpg","author_info":{"display_name":"Redazione","author_link":"https:\/\/www.messinaoggi.it\/website\/author\/redazione\/"},"digistream_id":0,"digistream":false,"_links":{"self":[{"href":"https:\/\/www.messinaoggi.it\/website\/wp-json\/wp\/v2\/posts\/48363"}],"collection":[{"href":"https:\/\/www.messinaoggi.it\/website\/wp-json\/wp\/v2\/posts"}],"about":[{"href":"https:\/\/www.messinaoggi.it\/website\/wp-json\/wp\/v2\/types\/post"}],"author":[{"embeddable":true,"href":"https:\/\/www.messinaoggi.it\/website\/wp-json\/wp\/v2\/users\/2"}],"replies":[{"embeddable":true,"href":"https:\/\/www.messinaoggi.it\/website\/wp-json\/wp\/v2\/comments?post=48363"}],"version-history":[{"count":0,"href":"https:\/\/www.messinaoggi.it\/website\/wp-json\/wp\/v2\/posts\/48363\/revisions"}],"wp:featuredmedia":[{"embeddable":true,"href":"https:\/\/www.messinaoggi.it\/website\/wp-json\/wp\/v2\/media\/41036"}],"wp:attachment":[{"href":"https:\/\/www.messinaoggi.it\/website\/wp-json\/wp\/v2\/media?parent=48363"}],"wp:term":[{"taxonomy":"category","embeddable":true,"href":"https:\/\/www.messinaoggi.it\/website\/wp-json\/wp\/v2\/categories?post=48363"},{"taxonomy":"post_tag","embeddable":true,"href":"https:\/\/www.messinaoggi.it\/website\/wp-json\/wp\/v2\/tags?post=48363"}],"curies":[{"name":"wp","href":"https:\/\/api.w.org\/{rel}","templated":true}]}}