{"id":48323,"date":"2020-10-24T15:00:27","date_gmt":"2020-10-24T13:00:27","guid":{"rendered":"https:\/\/www.messinaoggi.it\/website\/?p=48323"},"modified":"2020-10-24T15:00:27","modified_gmt":"2020-10-24T13:00:27","slug":"concorso-regione-saranno-assunti-in-1340-tra-laureati-e-diplomati","status":"publish","type":"post","link":"https:\/\/www.messinaoggi.it\/website\/2020\/10\/24\/concorso-regione-saranno-assunti-in-1340-tra-laureati-e-diplomati\/","title":{"rendered":"Concorso Regione, saranno assunti in 1340 tra laureati e diplomati"},"content":{"rendered":"<p>La Regione siciliana assumer\u00e0 1.340 diplomati e laureati: 1.300 posti saranno messi a bando per rimpinguare il personale dei Centri per l\u2019impiego, altre 40 posizioni si libereranno negli uffici.<br \/>\nGli avvisi pubblici andranno in giunta la settimana prossima, da quel momento la macchina della selezione si metter\u00e0 in moto per andare in porto \u2013 secondo le stime dei dipartimenti Lavoro e Funzione pubblica diffuse da Repubblica Palermo \u2013 entro la fine dell\u2019anno, quando dovrebbe essere celebrata la prima prova.<br \/>\nLa porzione pi\u00f9 consistente della selezione \u00e8 quella dei Centri per l\u2019impiego. La met\u00e0 dei posti sar\u00e0 riservata ai laureati, mentre per gli altri sar\u00e0 sufficiente il diploma: in entrambi i casi la Regione ha intenzione di affidarsi alla commissione Ripam, l\u2019organismo interministeriale che gestisce i concorsi nella pubblica amministrazione e li attua tramite la piattaforma Formez.<br \/>\nLa selezione, o almeno la preselezione dei candidati, avverr\u00e0 con un test di cultura generale con domande a risposta multipla.<br \/>\nIntanto la Regione mette i motori avanti sulla riorganizzazione del personale: marted\u00ec alle 16 si avvier\u00e0 il confronto con i sindacati, che per\u00f2 hanno gi\u00e0 confermato la protesta in programma il giorno prima per contestare le battute di Musumeci contro i dipendenti, giudicati \u201cinutili nel 70% dei casi\u201d.<div id=\"div-gpt-ad-Messinaoggi.it-DSK-300x250-corpoart\" style=\"text-align:center;margin:0 auto;\"><\/div><\/p>\n<div id=\"lasic-1704608655\" class=\"lasic-dopo-il-contenuto\"><\/div>\n<div id=\"videoincontent\" style=\"clear:both\";><\/div>","protected":false},"excerpt":{"rendered":"<p>La Regione siciliana assumer\u00e0 1.340 diplomati e laureati: 1.300 posti saranno messi a bando per rimpinguare il personale dei Centri per l\u2019impiego, altre 40 posizioni si libereranno negli uffici. Gli avvisi pubblici andranno in giunta la settimana prossima, da quel momento la macchina della selezione si metter\u00e0 in moto per andare in porto \u2013 secondo [&hellip;]<\/p>\n","protected":false},"author":4,"featured_media":20805,"comment_status":"closed","ping_status":"closed","sticky":false,"template":"","format":"standard","meta":{"ub_ctt_via":"","_mi_skip_tracking":false},"categories":[11],"tags":[],"featured_image_src":"https:\/\/www.messinaoggi.it\/website\/wp-content\/uploads\/2018\/06\/centro-impiego-palermo-1.jpg","author_info":{"display_name":"redme","author_link":"https:\/\/www.messinaoggi.it\/website\/author\/redme\/"},"digistream_id":0,"digistream":false,"_links":{"self":[{"href":"https:\/\/www.messinaoggi.it\/website\/wp-json\/wp\/v2\/posts\/48323"}],"collection":[{"href":"https:\/\/www.messinaoggi.it\/website\/wp-json\/wp\/v2\/posts"}],"about":[{"href":"https:\/\/www.messinaoggi.it\/website\/wp-json\/wp\/v2\/types\/post"}],"author":[{"embeddable":true,"href":"https:\/\/www.messinaoggi.it\/website\/wp-json\/wp\/v2\/users\/4"}],"replies":[{"embeddable":true,"href":"https:\/\/www.messinaoggi.it\/website\/wp-json\/wp\/v2\/comments?post=48323"}],"version-history":[{"count":0,"href":"https:\/\/www.messinaoggi.it\/website\/wp-json\/wp\/v2\/posts\/48323\/revisions"}],"wp:featuredmedia":[{"embeddable":true,"href":"https:\/\/www.messinaoggi.it\/website\/wp-json\/wp\/v2\/media\/20805"}],"wp:attachment":[{"href":"https:\/\/www.messinaoggi.it\/website\/wp-json\/wp\/v2\/media?parent=48323"}],"wp:term":[{"taxonomy":"category","embeddable":true,"href":"https:\/\/www.messinaoggi.it\/website\/wp-json\/wp\/v2\/categories?post=48323"},{"taxonomy":"post_tag","embeddable":true,"href":"https:\/\/www.messinaoggi.it\/website\/wp-json\/wp\/v2\/tags?post=48323"}],"curies":[{"name":"wp","href":"https:\/\/api.w.org\/{rel}","templated":true}]}}