{"id":48260,"date":"2020-10-22T16:57:44","date_gmt":"2020-10-22T14:57:44","guid":{"rendered":"https:\/\/www.messinaoggi.it\/website\/?p=48260"},"modified":"2020-10-22T16:57:44","modified_gmt":"2020-10-22T14:57:44","slug":"nave-sfrattata-dal-porto-al-largo-di-santa-margherita","status":"publish","type":"post","link":"https:\/\/www.messinaoggi.it\/website\/2020\/10\/22\/nave-sfrattata-dal-porto-al-largo-di-santa-margherita\/","title":{"rendered":"Nave &quot;sfrattata&quot; dal porto al largo di Santa Margherita"},"content":{"rendered":"<p>Dal porto dove oscurava anche la ricezione televisiva al largo di Santa Margherita. Prosegue la cosiddetta sosta inoperosa di \u201cSplendida\u201d ammiraglia della Msc che senza turisti a bordo \u00e8 in attesa di riprendere l&#8217;attivit\u00e0 crocieristica stoppata dal Covid.<br \/>\nNei giorni, come si ricorder\u00e0, la permanenza in porto dell&#8217;imponente nave aveva sollevato qualche polemica, visto che l&#8217;enorme stazza della nave impediva anche la veduta del porto a gran parte dei palazzi che si affacciano sul waterfront.<br \/>\n<img loading=\"lazy\" class=\"alignnone size-medium wp-image-48265\" src=\"https:\/\/www.messinaoggi.it\/website\/wp-content\/uploads\/2020\/10\/IMG-20201022-WA0000-1-300x196.jpg\" alt=\"\" width=\"300\" height=\"196\" \/><br \/>\nProblema risolto e &#8220;sfratto&#8221; dal porto di Messina con permanenza in alto mare in attesa di &#8220;ospitalit\u00e0&#8221;. La presenza della lussuosa nave da crociera non passa inosservata neanche da lontano.<div id=\"div-gpt-ad-Messinaoggi.it-DSK-300x250-corpoart\" style=\"text-align:center;margin:0 auto;\"><\/div><\/p>\n<div id=\"videoincontent\" style=\"clear:both\";><\/div>","protected":false},"excerpt":{"rendered":"<p>Dal porto dove oscurava anche la ricezione televisiva al largo di Santa Margherita. Prosegue la cosiddetta sosta inoperosa di \u201cSplendida\u201d ammiraglia della Msc che senza turisti a bordo \u00e8 in attesa di riprendere l&#8217;attivit\u00e0 crocieristica stoppata dal Covid. Nei giorni, come si ricorder\u00e0, la permanenza in porto dell&#8217;imponente nave aveva sollevato qualche polemica, visto che [&hellip;]<\/p>\n","protected":false},"author":4,"featured_media":48261,"comment_status":"closed","ping_status":"closed","sticky":false,"template":"","format":"standard","meta":{"ub_ctt_via":"","_mi_skip_tracking":false},"categories":[19],"tags":[],"featured_image_src":"https:\/\/www.messinaoggi.it\/website\/wp-content\/uploads\/2020\/10\/20201021_161259-scaled-1.jpg","author_info":{"display_name":"redme","author_link":"https:\/\/www.messinaoggi.it\/website\/author\/redme\/"},"digistream_id":0,"digistream":false,"_links":{"self":[{"href":"https:\/\/www.messinaoggi.it\/website\/wp-json\/wp\/v2\/posts\/48260"}],"collection":[{"href":"https:\/\/www.messinaoggi.it\/website\/wp-json\/wp\/v2\/posts"}],"about":[{"href":"https:\/\/www.messinaoggi.it\/website\/wp-json\/wp\/v2\/types\/post"}],"author":[{"embeddable":true,"href":"https:\/\/www.messinaoggi.it\/website\/wp-json\/wp\/v2\/users\/4"}],"replies":[{"embeddable":true,"href":"https:\/\/www.messinaoggi.it\/website\/wp-json\/wp\/v2\/comments?post=48260"}],"version-history":[{"count":0,"href":"https:\/\/www.messinaoggi.it\/website\/wp-json\/wp\/v2\/posts\/48260\/revisions"}],"wp:featuredmedia":[{"embeddable":true,"href":"https:\/\/www.messinaoggi.it\/website\/wp-json\/wp\/v2\/media\/48261"}],"wp:attachment":[{"href":"https:\/\/www.messinaoggi.it\/website\/wp-json\/wp\/v2\/media?parent=48260"}],"wp:term":[{"taxonomy":"category","embeddable":true,"href":"https:\/\/www.messinaoggi.it\/website\/wp-json\/wp\/v2\/categories?post=48260"},{"taxonomy":"post_tag","embeddable":true,"href":"https:\/\/www.messinaoggi.it\/website\/wp-json\/wp\/v2\/tags?post=48260"}],"curies":[{"name":"wp","href":"https:\/\/api.w.org\/{rel}","templated":true}]}}