{"id":48257,"date":"2020-10-23T14:30:00","date_gmt":"2020-10-23T12:30:00","guid":{"rendered":"https:\/\/www.messinaoggi.it\/website\/?p=48257"},"modified":"2020-10-23T14:30:00","modified_gmt":"2020-10-23T12:30:00","slug":"amam-lunedi-manutenzione-di-una-condotta-fognaria","status":"publish","type":"post","link":"https:\/\/www.messinaoggi.it\/website\/2020\/10\/23\/amam-lunedi-manutenzione-di-una-condotta-fognaria\/","title":{"rendered":"Amam, luned\u00ec manutenzione di una condotta fognaria"},"content":{"rendered":"<div class=\"\" style=\"font-family: Helvetica, Arial, sans-serif; color: #1c1e21; font-size: 14px; font-style: normal; font-variant-ligatures: normal; font-variant-caps: normal; font-weight: 400; letter-spacing: normal; orphans: 2; text-align: start; text-indent: 0px; text-transform: none; white-space: pre-wrap; widows: 2; word-spacing: 0px; -webkit-text-stroke-width: 0px; background-color: #ffffff; text-decoration-style: initial; text-decoration-color: initial;\" data-block=\"true\" data-editor=\"dr1gg\" data-offset-key=\"5b6uk-0-0\">\n<div class=\"_1mf _1mj\" style=\"position: relative; white-space: pre-wrap; direction: ltr; text-align: left; font-family: inherit;\" data-offset-key=\"5b6uk-0-0\"><span style=\"font-family: inherit;\" data-offset-key=\"5b6uk-0-0\">Luned\u00ec 26 dalle 8.30 alle 16.30 viger\u00e0 il divieto di sosta su entrambi i lati di via Cavalieri della Stella. Il provvedimento \u00e8 stato disposto per consentire all\u2019Amam l\u2019esecuzione di un intervento di manutenzione programmata sulla condotta fognaria.<\/span><\/div>\n<\/div>\n<div id=\"div-gpt-ad-Messinaoggi.it-DSK-300x250-corpoart\" style=\"text-align:center;margin:0 auto;\"><\/div><\/p><div id=\"videoincontent\" style=\"clear:both\";><\/div>","protected":false},"excerpt":{"rendered":"<p>Luned\u00ec 26 dalle 8.30 alle 16.30 viger\u00e0 il divieto di sosta su entrambi i lati di via Cavalieri della Stella. Il provvedimento \u00e8 stato disposto per consentire all\u2019Amam l\u2019esecuzione di un intervento di manutenzione programmata sulla condotta fognaria.<\/p>\n","protected":false},"author":4,"featured_media":23214,"comment_status":"closed","ping_status":"closed","sticky":false,"template":"","format":"standard","meta":{"ub_ctt_via":"","_mi_skip_tracking":false},"categories":[5],"tags":[],"featured_image_src":"https:\/\/www.messinaoggi.it\/website\/wp-content\/uploads\/2018\/08\/segnali-stradali-cantiere-lavori-1.jpg","author_info":{"display_name":"redme","author_link":"https:\/\/www.messinaoggi.it\/website\/author\/redme\/"},"digistream_id":0,"digistream":false,"_links":{"self":[{"href":"https:\/\/www.messinaoggi.it\/website\/wp-json\/wp\/v2\/posts\/48257"}],"collection":[{"href":"https:\/\/www.messinaoggi.it\/website\/wp-json\/wp\/v2\/posts"}],"about":[{"href":"https:\/\/www.messinaoggi.it\/website\/wp-json\/wp\/v2\/types\/post"}],"author":[{"embeddable":true,"href":"https:\/\/www.messinaoggi.it\/website\/wp-json\/wp\/v2\/users\/4"}],"replies":[{"embeddable":true,"href":"https:\/\/www.messinaoggi.it\/website\/wp-json\/wp\/v2\/comments?post=48257"}],"version-history":[{"count":0,"href":"https:\/\/www.messinaoggi.it\/website\/wp-json\/wp\/v2\/posts\/48257\/revisions"}],"wp:featuredmedia":[{"embeddable":true,"href":"https:\/\/www.messinaoggi.it\/website\/wp-json\/wp\/v2\/media\/23214"}],"wp:attachment":[{"href":"https:\/\/www.messinaoggi.it\/website\/wp-json\/wp\/v2\/media?parent=48257"}],"wp:term":[{"taxonomy":"category","embeddable":true,"href":"https:\/\/www.messinaoggi.it\/website\/wp-json\/wp\/v2\/categories?post=48257"},{"taxonomy":"post_tag","embeddable":true,"href":"https:\/\/www.messinaoggi.it\/website\/wp-json\/wp\/v2\/tags?post=48257"}],"curies":[{"name":"wp","href":"https:\/\/api.w.org\/{rel}","templated":true}]}}