{"id":48234,"date":"2020-10-21T19:20:16","date_gmt":"2020-10-21T17:20:16","guid":{"rendered":"https:\/\/www.messinaoggi.it\/website\/?p=48234"},"modified":"2020-10-21T19:20:16","modified_gmt":"2020-10-21T17:20:16","slug":"covid-hospital-a-barcellona-insorge-la-uil-fpl-struttura-inadeguata-regna-la-confusione","status":"publish","type":"post","link":"https:\/\/www.messinaoggi.it\/website\/2020\/10\/21\/covid-hospital-a-barcellona-insorge-la-uil-fpl-struttura-inadeguata-regna-la-confusione\/","title":{"rendered":"&quot;Covid Hospital&quot; a Barcellona, insorge la Uil-Fpl: &quot;Struttura inadeguata, regna la confusione&quot;"},"content":{"rendered":"<div style=\"text-align: justify;\">&#8220;<em>Si apprende che l&#8217;ospedale di Barcellona sar\u00e0 a breve convertito in covid Hospital. La scrivente organizzazione sindacale esprime forte preoccupazione per la nuova destinazione del Cutroni Zodda in considerazione delle deficienze, finora sempre denunziate da questa organizzazione sindacale e mai risolte. Cos\u00ec ci troviamo un &#8216;Covid hospital&#8217; sprovvisto di reperibilit\u00e0 cardiologica, senza posti letto di terapia intensiva e di terapia sub intensiva e con difficolt\u00e0 ad eseguire consulenze specialistiche. Pi\u00f9 che un hospital covid sarebbe pi\u00f9 opportuno qualificare la struttura come &#8216;Covid ospice&#8217;. Quanto si sta verificando non \u00e8 altro che il risultato di una gestione inadeguata, approssimativa e confusionaria, che purtroppo ricadr\u00e0, come sempre, sulle spalle degli operatori e dell&#8217;utenza<\/em>&#8220;.<\/div>\n<div><\/div>\n<div style=\"text-align: justify;\">Lo scrivono in una nota stampa <strong>Pippo Calapai,<\/strong> <strong>Corrado Lamanna<\/strong> e <strong>Paolo Calabr\u00f2<\/strong>, rispettivamente segretario generale, coordinatore provinciale area medica e vice coordinatore provinciale area medica della Uil-Fpl Messina.<\/div>\n<div id=\"div-gpt-ad-Messinaoggi.it-DSK-300x250-corpoart\" style=\"text-align:center;margin:0 auto;\"><\/div><\/p><div id=\"videoincontent\" style=\"clear:both\";><\/div>","protected":false},"excerpt":{"rendered":"<p>&#8220;Si apprende che l&#8217;ospedale di Barcellona sar\u00e0 a breve convertito in covid Hospital. La scrivente organizzazione sindacale esprime forte preoccupazione per la nuova destinazione del Cutroni Zodda in considerazione delle deficienze, finora sempre denunziate da questa organizzazione sindacale e mai risolte. Cos\u00ec ci troviamo un &#8216;Covid hospital&#8217; sprovvisto di reperibilit\u00e0 cardiologica, senza posti letto di [&hellip;]<\/p>\n","protected":false},"author":2,"featured_media":5502,"comment_status":"closed","ping_status":"closed","sticky":false,"template":"","format":"standard","meta":{"ub_ctt_via":"","_mi_skip_tracking":false},"categories":[13,14],"tags":[],"featured_image_src":"https:\/\/www.messinaoggi.it\/website\/wp-content\/uploads\/2017\/07\/ospedale-cutroni-zodda-barcellona-2.jpg","author_info":{"display_name":"Redazione","author_link":"https:\/\/www.messinaoggi.it\/website\/author\/redazione\/"},"digistream_id":0,"digistream":false,"_links":{"self":[{"href":"https:\/\/www.messinaoggi.it\/website\/wp-json\/wp\/v2\/posts\/48234"}],"collection":[{"href":"https:\/\/www.messinaoggi.it\/website\/wp-json\/wp\/v2\/posts"}],"about":[{"href":"https:\/\/www.messinaoggi.it\/website\/wp-json\/wp\/v2\/types\/post"}],"author":[{"embeddable":true,"href":"https:\/\/www.messinaoggi.it\/website\/wp-json\/wp\/v2\/users\/2"}],"replies":[{"embeddable":true,"href":"https:\/\/www.messinaoggi.it\/website\/wp-json\/wp\/v2\/comments?post=48234"}],"version-history":[{"count":0,"href":"https:\/\/www.messinaoggi.it\/website\/wp-json\/wp\/v2\/posts\/48234\/revisions"}],"wp:featuredmedia":[{"embeddable":true,"href":"https:\/\/www.messinaoggi.it\/website\/wp-json\/wp\/v2\/media\/5502"}],"wp:attachment":[{"href":"https:\/\/www.messinaoggi.it\/website\/wp-json\/wp\/v2\/media?parent=48234"}],"wp:term":[{"taxonomy":"category","embeddable":true,"href":"https:\/\/www.messinaoggi.it\/website\/wp-json\/wp\/v2\/categories?post=48234"},{"taxonomy":"post_tag","embeddable":true,"href":"https:\/\/www.messinaoggi.it\/website\/wp-json\/wp\/v2\/tags?post=48234"}],"curies":[{"name":"wp","href":"https:\/\/api.w.org\/{rel}","templated":true}]}}