{"id":4818,"date":"2017-07-14T15:45:33","date_gmt":"2017-07-14T13:45:33","guid":{"rendered":"http:\/\/www.messinaoggi.it\/website\/?p=4818"},"modified":"2017-07-14T15:45:33","modified_gmt":"2017-07-14T13:45:33","slug":"sembrava-difficile-ma-e-normale-teatro-v-e-universita-e-corelli-mixati-in-un-protocollo","status":"publish","type":"post","link":"https:\/\/www.messinaoggi.it\/website\/2017\/07\/14\/sembrava-difficile-ma-e-normale-teatro-v-e-universita-e-corelli-mixati-in-un-protocollo\/","title":{"rendered":"Sembrava difficile ma \u00e8 normale: Teatro V.E., Universit\u00e0 e \u201cCorelli\u201d mixati in un protocollo"},"content":{"rendered":"<p style=\"text-align: justify\">Come una mela ancora attaccata al suo albero, oggi sulla splendida terrazza del Teatro Vittorio Emanuele, un risultato \u00e8 stato ottenuto con diverse sinergie e con prospettive considerevoli per la cultura e formazione della citt\u00e0 di Messina, grazie alla stretta di un Patto istituzionale tra l\u2019E.A.R. Teatro di Messina, l\u2019Universit\u00e0 degli Studi peloritana e il Conservatorio \u201cArcangelo Corelli\u201d. Forse, quella mela si poteva raccogliere anche qualche tempo fa, visto che sarebbe stato sufficiente allungare una mano e, invece, si \u00e8 cercata una scala tortuosa per salire sull&#8217;albero. Ma la difficolt\u00e0, a volte, sta dietro la normalit\u00e0. Tutti gli enti lo hanno ribadito dietro a quel tavolo all\u2019aperto senza polemiche ma con la consapevolezza che, d\u2019ora in poi, si disegna un nuovo percorso di collaborazione.<div id=\"div-gpt-ad-Messinaoggi.it-DSK-300x250-corpoart\" style=\"text-align:center;margin:0 auto;\"><\/div><\/p>\n<p style=\"text-align: justify\">Presenti alla conferenza stampa anche il direttore artistico della prosa del Teatro, Matteo Pappalardo e il direttore del \u201cCorelli\u201d, Antonino Averna. Nel protocollo \u00e8 inserito anche l\u2019Ufficio Scolastico Provinciale.<div id=\"videoincontent\" style=\"clear:both\";><\/div><\/p>\n<p style=\"text-align: justify\">\u201cSiamo convolati a nozze con questo accordo che unisce le acque &#8211; afferma il sovrintendente -. Non ha senso navigare da soli se si pu\u00f2 crescere insieme. Abbracciamo una manovra elaborata dall\u2019ex Commissario Jervolino, attuale componente del Cda. <strong>Come curiosit\u00e0: il noto regista Gianni Amelio ha frequentato la Facolt\u00e0 di Filosofia nella nostra Universit\u00e0<\/strong> e ha amato molto le proiezioni dell\u2019ex cinema Olimpia, <strong>segno che Messina ha saputo essere vitale per tante menti artistiche quindi pu\u00f2 essere solo un bene, una fonte di arricchimento, incrementare i rapporti con mondi a noi vicini<\/strong>\u201d.<\/p>\n<p style=\"text-align: justify\">\u201cE\u2018 una grande gioia avere una convenzione gi\u00e0 pronta con l\u2019Universit\u00e0 &#8211; annuncia il Presidente del &#8220;Vittorio Emanuele&#8221; -. L\u2019Amministrazione del Teatro ha quelle risorse per potersi porre con estrema apertura al territorio come sar\u00e0 con altre istituzioni. Vorremmo coinvolgere tutti: operatori, turistici, comuni, studenti, impiegati, artisti. Il protocollo per avviare vari progetti dovr\u00e0 integrare e recepire i decreti attuativi. <strong>Pensiamo comunque settembre per i tempi tecnici degli uffici per intraprendere, per esempio,<\/strong> i <strong>tirocini professionalizzanti con i neo laureati per fare guadagnare qualcosa anche a loro.<\/strong><\/p>\n<p style=\"text-align: justify\">Il Rettore ringrazia tutti gli enti che sono stati interpellati per iniziative di interesse comune. Era strano che l\u2019Universit\u00e0 ancora non avesse questa sinergia &#8211; commenta Navarra -. Abbiamo iniziato a discutere dell\u2019accordo quadro, poi abbiamo dato corpo alle intuizioni con pi\u00f9 accordi di carattere operativo. Fiorino lo sa: possiamo firmare tutto ma quello che non possiamo cominciare subito. Questa condotta caratterizza la nostra concretezza. L\u2019intesa operativa corrisponde non solo ad una reciprocit\u00e0 di competenze ma anche nei fatti interessando personale amministrativo, gli iscritti al nostro Ente, i professionisti dell\u2019arte. Vivere il mondo del teatro, entrare nelle aule universitarie, ascoltare gli autori che hanno appena creato un libro. E poi ancora l\u2019attore che racconta la sua vita nell\u2019ambito della scena e dietro le quinte che potrebbe essere poco conosciuta. <strong>Utilizzare spazi del teatro per eventi universitari e viceversa. L\u2019Universit\u00e0 \u00e8 gi\u00e0 un palcoscenico naturale con la sua scalinata. Siamo stati due enti che si sono guardati in passato per\u00f2 mai parlati<\/strong>\u201d.<\/p>\n<p style=\"text-align: justify\">Per quanto riguarda l\u2019adesione del prof. Cupaiolo, Bernava puntualizza il suo passato di vicepresidente del teatro all\u2019epoca in cui l\u2019attuale sovrintendente era presidente quindi con una predisposizione verso le tematiche dello spettacolo.<\/p>\n<p style=\"text-align: justify\">\u201cCondivido con il direttore Averna il percorso del protocollo &#8211; <strong>afferma Ministeri -. L\u2019apertura al territorio \u00e8 normalit\u00e0 congiungendo le forze in gioco. In qualunque citt\u00e0, la collaborazione sarebbe stata normale invece qui pu\u00f2 sembrare rivoluzionario.<\/strong> Il Corelli dal \u201999 diploma persone con un titolo equipollente alla laurea. Quindi, nel nostro settore di pertinenza, abbiamo professionalit\u00e0 valide con varie orchestre e vari ensemble. Abbiamo specificit\u00e0 molto sottolineate. Con questo protocollo, il mondo universitario parteciper\u00e0 alle prove del Conservatorio e questo potr\u00e0 esibirsi all\u2019Universit\u00e0. Si tratta di stabilire solo le modalit\u00e0\u201d.<\/p>\n<p style=\"text-align: right\"><strong>Foto Rocco Papandrea \u00a0<\/strong><\/p>\n","protected":false},"excerpt":{"rendered":"<p>Come una mela ancora attaccata al suo albero, oggi sulla splendida terrazza del Teatro Vittorio Emanuele, un risultato \u00e8 stato ottenuto con diverse sinergie e con prospettive considerevoli per la cultura e formazione della citt\u00e0 di Messina, grazie alla stretta di un Patto istituzionale tra l\u2019E.A.R. Teatro di Messina, l\u2019Universit\u00e0 degli Studi peloritana e il [&hellip;]<\/p>\n","protected":false},"author":7,"featured_media":4804,"comment_status":"closed","ping_status":"open","sticky":false,"template":"","format":"standard","meta":{"ub_ctt_via":"","_mi_skip_tracking":false},"categories":[5],"tags":[],"featured_image_src":"https:\/\/www.messinaoggi.it\/website\/wp-content\/uploads\/2017\/07\/conv-teatro-universita-RRP_6911-2.jpg","author_info":{"display_name":"Redazione1","author_link":"https:\/\/www.messinaoggi.it\/website\/author\/redazione1\/"},"digistream_id":0,"digistream":false,"_links":{"self":[{"href":"https:\/\/www.messinaoggi.it\/website\/wp-json\/wp\/v2\/posts\/4818"}],"collection":[{"href":"https:\/\/www.messinaoggi.it\/website\/wp-json\/wp\/v2\/posts"}],"about":[{"href":"https:\/\/www.messinaoggi.it\/website\/wp-json\/wp\/v2\/types\/post"}],"author":[{"embeddable":true,"href":"https:\/\/www.messinaoggi.it\/website\/wp-json\/wp\/v2\/users\/7"}],"replies":[{"embeddable":true,"href":"https:\/\/www.messinaoggi.it\/website\/wp-json\/wp\/v2\/comments?post=4818"}],"version-history":[{"count":0,"href":"https:\/\/www.messinaoggi.it\/website\/wp-json\/wp\/v2\/posts\/4818\/revisions"}],"wp:featuredmedia":[{"embeddable":true,"href":"https:\/\/www.messinaoggi.it\/website\/wp-json\/wp\/v2\/media\/4804"}],"wp:attachment":[{"href":"https:\/\/www.messinaoggi.it\/website\/wp-json\/wp\/v2\/media?parent=4818"}],"wp:term":[{"taxonomy":"category","embeddable":true,"href":"https:\/\/www.messinaoggi.it\/website\/wp-json\/wp\/v2\/categories?post=4818"},{"taxonomy":"post_tag","embeddable":true,"href":"https:\/\/www.messinaoggi.it\/website\/wp-json\/wp\/v2\/tags?post=4818"}],"curies":[{"name":"wp","href":"https:\/\/api.w.org\/{rel}","templated":true}]}}