{"id":48175,"date":"2020-10-20T10:27:16","date_gmt":"2020-10-20T08:27:16","guid":{"rendered":"https:\/\/www.messinaoggi.it\/website\/?p=48175"},"modified":"2020-10-20T10:27:16","modified_gmt":"2020-10-20T08:27:16","slug":"real-cittadella-chiederemo-un-vertice-per-riqualificarla","status":"publish","type":"post","link":"https:\/\/www.messinaoggi.it\/website\/2020\/10\/20\/real-cittadella-chiederemo-un-vertice-per-riqualificarla\/","title":{"rendered":"Real Cittadella, &quot;Chiederemo un vertice per riqualificarla&quot;"},"content":{"rendered":"<p>\u201cNon \u00e8 pi\u00f9 possibile temporeggiare sulla situazione di scempio ambientale e di illegalit\u00e0 che ancora oggi interesserebbe la Real Cittadella. Nei mesi scorsi \u00e8 stata fatta una bonifica delle aree e chiusi i varchi di accesso, ma sembrerebbe che alcuni varchi siano stati riaperti e che purtroppo si debba assistere ancora alla presenza di discariche abusive\u201d. Lo dichiara Elvira Amata, capogruppo di Fratelli d\u2019Italia all\u2019Assemblea regionale siciliana.<br \/>\n\u201cSulla riqualificazione della Real Cittadella sia la citt\u00e0 di Messina che la Sicilia intera si giocano una parte importante di futuro \u2013 aggiunge Amata &#8211; non solo in termini di cultura e turismo ma anche come economia. Per queste ragioni mi far\u00f2 immediatamente promotrice di un vertice a Messina, direttamente sui luoghi, con il presidente Musumeci, gli assessori regionali ai Beni culturali, al Turismo e al Territorio, il presidente dell\u2019Autorit\u00e0 Portuale, e ovviamente l\u2019amministrazione comunale con il sindaco De Luca, cos\u00ec che si possa poi attraverso una conferenza di servizi racchiudere le diverse competenze e i vari interessi pubblici coinvolti in un unico procedimento. I fondi per una bonifica integrale e per il restauro e la riqualificazione possono essere individuati tra i progetti per il Recovery found.<br \/>\n&#8220;L\u2019attenzione sulla Real Cittadella deve rimanere altissima \u2013 conclude la parlamentare regionale \u2013 e sono necessarie date certe, per ridare a Messina quel volto storico e quell\u2019identit\u00e0 culturale che la nostra comunit\u00e0 merita\u201d<br \/>\n<!--\/data\/user\/0\/com.samsung.android.app.notes\/files\/clipdata\/clipdata_bodytext_201020_102513_340.sdocx--><div id=\"div-gpt-ad-Messinaoggi.it-DSK-300x250-corpoart\" style=\"text-align:center;margin:0 auto;\"><\/div><\/p>\n<div id=\"videoincontent\" style=\"clear:both\";><\/div>","protected":false},"excerpt":{"rendered":"<p>\u201cNon \u00e8 pi\u00f9 possibile temporeggiare sulla situazione di scempio ambientale e di illegalit\u00e0 che ancora oggi interesserebbe la Real Cittadella. Nei mesi scorsi \u00e8 stata fatta una bonifica delle aree e chiusi i varchi di accesso, ma sembrerebbe che alcuni varchi siano stati riaperti e che purtroppo si debba assistere ancora alla presenza di discariche [&hellip;]<\/p>\n","protected":false},"author":8,"featured_media":44315,"comment_status":"closed","ping_status":"closed","sticky":false,"template":"","format":"standard","meta":{"ub_ctt_via":"","_mi_skip_tracking":false},"categories":[4],"tags":[],"featured_image_src":"https:\/\/www.messinaoggi.it\/website\/wp-content\/uploads\/2020\/06\/elvira-amata.jpg","author_info":{"display_name":"red..me","author_link":"https:\/\/www.messinaoggi.it\/website\/author\/redstage\/"},"digistream_id":0,"digistream":false,"_links":{"self":[{"href":"https:\/\/www.messinaoggi.it\/website\/wp-json\/wp\/v2\/posts\/48175"}],"collection":[{"href":"https:\/\/www.messinaoggi.it\/website\/wp-json\/wp\/v2\/posts"}],"about":[{"href":"https:\/\/www.messinaoggi.it\/website\/wp-json\/wp\/v2\/types\/post"}],"author":[{"embeddable":true,"href":"https:\/\/www.messinaoggi.it\/website\/wp-json\/wp\/v2\/users\/8"}],"replies":[{"embeddable":true,"href":"https:\/\/www.messinaoggi.it\/website\/wp-json\/wp\/v2\/comments?post=48175"}],"version-history":[{"count":0,"href":"https:\/\/www.messinaoggi.it\/website\/wp-json\/wp\/v2\/posts\/48175\/revisions"}],"wp:featuredmedia":[{"embeddable":true,"href":"https:\/\/www.messinaoggi.it\/website\/wp-json\/wp\/v2\/media\/44315"}],"wp:attachment":[{"href":"https:\/\/www.messinaoggi.it\/website\/wp-json\/wp\/v2\/media?parent=48175"}],"wp:term":[{"taxonomy":"category","embeddable":true,"href":"https:\/\/www.messinaoggi.it\/website\/wp-json\/wp\/v2\/categories?post=48175"},{"taxonomy":"post_tag","embeddable":true,"href":"https:\/\/www.messinaoggi.it\/website\/wp-json\/wp\/v2\/tags?post=48175"}],"curies":[{"name":"wp","href":"https:\/\/api.w.org\/{rel}","templated":true}]}}