{"id":48166,"date":"2020-10-20T06:35:27","date_gmt":"2020-10-20T04:35:27","guid":{"rendered":"https:\/\/www.messinaoggi.it\/website\/?p=48166"},"modified":"2020-10-20T06:35:27","modified_gmt":"2020-10-20T04:35:27","slug":"disperso-in-aperta-campagna-ricerche-tutta-la-notte","status":"publish","type":"post","link":"https:\/\/www.messinaoggi.it\/website\/2020\/10\/20\/disperso-in-aperta-campagna-ricerche-tutta-la-notte\/","title":{"rendered":"Disperso in aperta campagna, ricerche tutta la notte"},"content":{"rendered":"<p>Nessuna traccia da ieri sera per un pensionato si 83 anni, Dario Franzini, disperso nelle campagne di Timpazzi.<br \/>\nL\u2019anziano avrebbe perso l\u2019orientamento mentre si trovava in un terreno di propriet\u00e0, complice il sopraggiungere dell\u2019oscurit\u00e0.<br \/>\n<img loading=\"lazy\" class=\"alignnone size-medium wp-image-48167\" src=\"https:\/\/www.messinaoggi.it\/website\/wp-content\/uploads\/2020\/10\/200B709E-906A-4D77-82B6-4768B4B11801-300x225.jpeg\" alt=\"\" width=\"300\" height=\"225\" \/><br \/>\n <br \/>\nA lanciare l\u2019allarme sono stati i familiari dell\u2019anziano, i quali hanno avvisato le forze dell\u2019ordine. Il disperso aveva con s\u00e9 il cellulare e prima di spegnersi \u00e8 stato agganciato il segnale dalla cella di un ripetitore e ci\u00f3 ha consentito di concentrare le ricerche.<br \/>\nMa dell\u2019uomo nessuna traccia nonostante il dispiegamento di carabinieri, polizia e vigili del fuoco.<br \/>\nLe ricerche proseguiranno con l\u2019ausilio di un elicottero alle prime luci dell\u2019alba.<div id=\"div-gpt-ad-Messinaoggi.it-DSK-300x250-corpoart\" style=\"text-align:center;margin:0 auto;\"><\/div><\/p>\n<div id=\"videoincontent\" style=\"clear:both\";><\/div>","protected":false},"excerpt":{"rendered":"<p>Nessuna traccia da ieri sera per un pensionato si 83 anni, Dario Franzini, disperso nelle campagne di Timpazzi. L\u2019anziano avrebbe perso l\u2019orientamento mentre si trovava in un terreno di propriet\u00e0, complice il sopraggiungere dell\u2019oscurit\u00e0. A lanciare l\u2019allarme sono stati i familiari dell\u2019anziano, i quali hanno avvisato le forze dell\u2019ordine. Il disperso aveva con s\u00e9 il [&hellip;]<\/p>\n","protected":false},"author":2,"featured_media":48174,"comment_status":"closed","ping_status":"closed","sticky":false,"template":"","format":"standard","meta":{"ub_ctt_via":"","_mi_skip_tracking":false},"categories":[19,6],"tags":[],"featured_image_src":"https:\/\/www.messinaoggi.it\/website\/wp-content\/uploads\/2020\/10\/14441EB4-AD80-41C4-A54D-141D9F71484E.jpeg","author_info":{"display_name":"Redazione","author_link":"https:\/\/www.messinaoggi.it\/website\/author\/redazione\/"},"digistream_id":0,"digistream":false,"_links":{"self":[{"href":"https:\/\/www.messinaoggi.it\/website\/wp-json\/wp\/v2\/posts\/48166"}],"collection":[{"href":"https:\/\/www.messinaoggi.it\/website\/wp-json\/wp\/v2\/posts"}],"about":[{"href":"https:\/\/www.messinaoggi.it\/website\/wp-json\/wp\/v2\/types\/post"}],"author":[{"embeddable":true,"href":"https:\/\/www.messinaoggi.it\/website\/wp-json\/wp\/v2\/users\/2"}],"replies":[{"embeddable":true,"href":"https:\/\/www.messinaoggi.it\/website\/wp-json\/wp\/v2\/comments?post=48166"}],"version-history":[{"count":0,"href":"https:\/\/www.messinaoggi.it\/website\/wp-json\/wp\/v2\/posts\/48166\/revisions"}],"wp:featuredmedia":[{"embeddable":true,"href":"https:\/\/www.messinaoggi.it\/website\/wp-json\/wp\/v2\/media\/48174"}],"wp:attachment":[{"href":"https:\/\/www.messinaoggi.it\/website\/wp-json\/wp\/v2\/media?parent=48166"}],"wp:term":[{"taxonomy":"category","embeddable":true,"href":"https:\/\/www.messinaoggi.it\/website\/wp-json\/wp\/v2\/categories?post=48166"},{"taxonomy":"post_tag","embeddable":true,"href":"https:\/\/www.messinaoggi.it\/website\/wp-json\/wp\/v2\/tags?post=48166"}],"curies":[{"name":"wp","href":"https:\/\/api.w.org\/{rel}","templated":true}]}}