{"id":48066,"date":"2020-10-17T15:00:24","date_gmt":"2020-10-17T13:00:24","guid":{"rendered":"https:\/\/www.messinaoggi.it\/website\/?p=48066"},"modified":"2020-10-17T15:00:24","modified_gmt":"2020-10-17T13:00:24","slug":"screening-volontario-dellasp-un-positivo-al-covid-alle-eolie","status":"publish","type":"post","link":"https:\/\/www.messinaoggi.it\/website\/2020\/10\/17\/screening-volontario-dellasp-un-positivo-al-covid-alle-eolie\/","title":{"rendered":"Screening volontario dell&#039;Asp, un positivo al Covid alle Eolie"},"content":{"rendered":"<div>E&#8217; iniziato, a Lipari, lo screening epidemiologico su base volontaria disposto dal presidente della Regione, Nello Musumeci e dall&#8217;assessore alla Salute, Ruggero Razza, a favore della popolazione residente alle Eolie. I tamponi sono effettuati a cura del team sanitario guidato dal Commissario Asp Emergenza Coronavirus. Carmelo Crisicelli.<\/div>\n<div><\/div>\n<div>&#8220;Dai primi dati della mattinata in cui sono stati effettuati oltre duecento tamponi &#8211; spiega il direttore dell&#8217;Asp di Messina, Paolo La Paglia, \u00e8 stato evidenziato un solo caso di positivit\u00e0 alla SarS-COV2 subito posto in isolamento; facciamo appello alla popolazione per raggiungere pi\u00f9 residenti possibili ai fini di prevenire possibili cluster nelle isole Eolie e riuscire con le misure epidemiologiche a contenere l&#8217;eventuale diffondersi dell&#8217;infezione&#8221;.<\/div>\n<div id=\"div-gpt-ad-Messinaoggi.it-DSK-300x250-corpoart\" style=\"text-align:center;margin:0 auto;\"><\/div><\/p><div id=\"videoincontent\" style=\"clear:both\";><\/div>","protected":false},"excerpt":{"rendered":"<p>E&#8217; iniziato, a Lipari, lo screening epidemiologico su base volontaria disposto dal presidente della Regione, Nello Musumeci e dall&#8217;assessore alla Salute, Ruggero Razza, a favore della popolazione residente alle Eolie. I tamponi sono effettuati a cura del team sanitario guidato dal Commissario Asp Emergenza Coronavirus. Carmelo Crisicelli. &#8220;Dai primi dati della mattinata in cui sono [&hellip;]<\/p>\n","protected":false},"author":4,"featured_media":41477,"comment_status":"closed","ping_status":"closed","sticky":false,"template":"","format":"standard","meta":{"ub_ctt_via":"","_mi_skip_tracking":false},"categories":[221],"tags":[],"featured_image_src":"https:\/\/www.messinaoggi.it\/website\/wp-content\/uploads\/2020\/03\/tampone_covid.jpg_834574915.jpg","author_info":{"display_name":"redme","author_link":"https:\/\/www.messinaoggi.it\/website\/author\/redme\/"},"digistream_id":0,"digistream":false,"_links":{"self":[{"href":"https:\/\/www.messinaoggi.it\/website\/wp-json\/wp\/v2\/posts\/48066"}],"collection":[{"href":"https:\/\/www.messinaoggi.it\/website\/wp-json\/wp\/v2\/posts"}],"about":[{"href":"https:\/\/www.messinaoggi.it\/website\/wp-json\/wp\/v2\/types\/post"}],"author":[{"embeddable":true,"href":"https:\/\/www.messinaoggi.it\/website\/wp-json\/wp\/v2\/users\/4"}],"replies":[{"embeddable":true,"href":"https:\/\/www.messinaoggi.it\/website\/wp-json\/wp\/v2\/comments?post=48066"}],"version-history":[{"count":0,"href":"https:\/\/www.messinaoggi.it\/website\/wp-json\/wp\/v2\/posts\/48066\/revisions"}],"wp:featuredmedia":[{"embeddable":true,"href":"https:\/\/www.messinaoggi.it\/website\/wp-json\/wp\/v2\/media\/41477"}],"wp:attachment":[{"href":"https:\/\/www.messinaoggi.it\/website\/wp-json\/wp\/v2\/media?parent=48066"}],"wp:term":[{"taxonomy":"category","embeddable":true,"href":"https:\/\/www.messinaoggi.it\/website\/wp-json\/wp\/v2\/categories?post=48066"},{"taxonomy":"post_tag","embeddable":true,"href":"https:\/\/www.messinaoggi.it\/website\/wp-json\/wp\/v2\/tags?post=48066"}],"curies":[{"name":"wp","href":"https:\/\/api.w.org\/{rel}","templated":true}]}}