{"id":48010,"date":"2020-10-16T10:49:05","date_gmt":"2020-10-16T08:49:05","guid":{"rendered":"https:\/\/www.messinaoggi.it\/website\/?p=48010"},"modified":"2020-10-16T10:49:05","modified_gmt":"2020-10-16T08:49:05","slug":"covid-de-luca-riprende-le-tribune-politiche-dal-coc-ma-il-corecom-vigila","status":"publish","type":"post","link":"https:\/\/www.messinaoggi.it\/website\/2020\/10\/16\/covid-de-luca-riprende-le-tribune-politiche-dal-coc-ma-il-corecom-vigila\/","title":{"rendered":"Covid: De Luca riprende le &quot;tribune politiche&quot; dal Coc, ma il Corecom vigila"},"content":{"rendered":"<p style=\"text-align: justify;\">Appuntamento alle 18,30 sulla pagina Fb del sindaco e sulle emittenti televisive che ritrasmetteranno la conferenza stampa del primo cittadino. L&#8217;annuncio l&#8217;ha dato lo stesso De Luca sulla sua pagina social con un titolo che di per s\u00e8 \u00e8 una contraddizione rispetto al quelle che dovrebbero essere le finalit\u00e0: &#8220;Cerchiamo di capire cosa sta succedendo&#8221;.<div id=\"div-gpt-ad-Messinaoggi.it-DSK-300x250-corpoart\" style=\"text-align:center;margin:0 auto;\"><\/div><\/p>\n<p style=\"text-align: justify;\">C&#8217;\u00e8 poco da capire, ha obiettato qualcuno. Il mondo \u00e8 vittima di una pandemia devastante che sta generando morti e danni al sistema economico. L&#8217;Italia \u00e8 un Paese che, pi\u00f9 di ogni altro, sta pagando le conseguenze della panedemia a causa di scelte politiche che, ad oggi, si sono rivelate sbagliate. Cos&#8217;altro avr\u00e0 da aggiungere il sindaco di Messina rispetto a quello che gi\u00e0 si sa? Ecco la domanda da porsi dovrebbe essere questa.<div id=\"videoincontent\" style=\"clear:both\";><\/div><\/p>\n<p><img loading=\"lazy\" class=\"alignnone wp-image-42093\" src=\"https:\/\/www.messinaoggi.it\/website\/wp-content\/uploads\/2020\/04\/366995E9-B515-48F4-9167-66F1FF5F3314-300x225.jpeg\" alt=\"\" width=\"1308\" height=\"981\" \/><\/p>\n<p style=\"text-align: justify;\">Cateno De Luca &#8211; \u00e8 un fatto notorio &#8211; ha &#8220;sfruttato&#8221; le conferenze stampa di primavera per costruire il suo personaggio politico mediante azioni sbracate che gli hanno permesso di fare il suo ingresso nel firmamento della tv-spazzatura. Non a caso \u00e8 stato spesso invitato da Barbara D&#8217;Urso nelle sue trasmissioni a caccia di odience mediante &#8220;fenomeni da baraccone&#8221;. De Luca &#8211; questo glielo si deve riconoscere &#8211; \u00e8 stato bravissimo a sfruttare il mezzo per costruirsi un&#8217;immagine da sindaco iperattivo durante l&#8217;emergenza.<\/p>\n<p style=\"text-align: justify;\">Poi, poco importa se ad oggi i cittadini non sanno &#8211; solo il consigliere Russo ci ha provato timidamente a chiedere trasparenza, prima di ritarirsi come il&#8230; (s\u00ec, avete capito) -, come sono stati spesi i soldi raccolti dalla Protezione civile durante l&#8217;emegenza. Poco importa, poi, se la citt\u00e0 \u00e8 afflitta da una infinit\u00e0 di problemi, uno fra tutti l&#8217;ormai cronica carenza di acqua.<\/p>\n<p style=\"text-align: justify;\">De Luca amministra a strappi e va avanti a furia di &#8220;sceneggiate&#8221;, l&#8217;ultima delle quali l&#8217;annunciata rapina alla Posta per un debito vantato dall&#8217;Amam. Diretta Fb da piazza Antonello, di fronte a quella che fino a 10 anni fa era la sede delle Poste, ma il sindaco di Messina non sapeve essersi spostata.<\/p>\n<p style=\"text-align: justify;\">Torniamo alla diretta di oggi. Lo scorso 10 maggio, il Corecom Sicilia (l&#8217;organo di controllo sulle comunicazioni), ha spedito un richiamo alle emittenti televisive locali avendo ravvisato la violazione dei principi di base dell&#8217;informazione: corretteza, lealt\u00e0, veridicit\u00e0 dei fatti ecc. Le emittenti avevano, e lo faranno anche oggi, ritrasmesso le dirette Fb del sindaco, che altro non erano se non delle tribune politiche, utilizzate per attaccare questo e quel politico. Il richiamo sar\u00e0 seguito da una salata sanzione pecuniaria, lo dice la legge.<\/p>\n<p style=\"text-align: justify;\">Oggi De Luca, tenuto conto della vasta platea composta da chi adora il sindaco e da chi lo considera un attore napoletano, ha una grandissima responsabilit\u00e0: infondere nella cittadinanza un clima di terrore potrebbe essere devastante rispetto ad un tessuto economico che si sta lentamente sfibfrando. Gli imprenditori commerciali, infatti, temono che le uscite del sindaco possano generare cos\u00ec tanta paura da spingere il cittadino a serrarsi in casa.<\/p>\n<p style=\"text-align: justify;\">Il &#8220;Se ti becco&#8230;&#8221; potrebbe trasformarsi in un&#8217;arma letale per il commercio messinese. Questo gli imprenditori lo sanno e sono prontissimi a scendere in piazza contro le &#8220;sceneggiate&#8221; di Cateno De Luca<\/p>\n<p style=\"text-align: right;\"><strong>Davide Gambale<\/strong><\/p>\n","protected":false},"excerpt":{"rendered":"<p>Appuntamento alle 18,30 sulla pagina Fb del sindaco e sulle emittenti televisive che ritrasmetteranno la conferenza stampa del primo cittadino. L&#8217;annuncio l&#8217;ha dato lo stesso De Luca sulla sua pagina social con un titolo che di per s\u00e8 \u00e8 una contraddizione rispetto al quelle che dovrebbero essere le finalit\u00e0: &#8220;Cerchiamo di capire cosa sta succedendo&#8221;. [&hellip;]<\/p>\n","protected":false},"author":2,"featured_media":41195,"comment_status":"closed","ping_status":"closed","sticky":false,"template":"","format":"standard","meta":{"ub_ctt_via":"","_mi_skip_tracking":false},"categories":[221],"tags":[],"featured_image_src":"https:\/\/www.messinaoggi.it\/website\/wp-content\/uploads\/2020\/03\/cateno-de-luca-al-centro-operativo-comunale-5.jpg","author_info":{"display_name":"Redazione","author_link":"https:\/\/www.messinaoggi.it\/website\/author\/redazione\/"},"digistream_id":0,"digistream":false,"_links":{"self":[{"href":"https:\/\/www.messinaoggi.it\/website\/wp-json\/wp\/v2\/posts\/48010"}],"collection":[{"href":"https:\/\/www.messinaoggi.it\/website\/wp-json\/wp\/v2\/posts"}],"about":[{"href":"https:\/\/www.messinaoggi.it\/website\/wp-json\/wp\/v2\/types\/post"}],"author":[{"embeddable":true,"href":"https:\/\/www.messinaoggi.it\/website\/wp-json\/wp\/v2\/users\/2"}],"replies":[{"embeddable":true,"href":"https:\/\/www.messinaoggi.it\/website\/wp-json\/wp\/v2\/comments?post=48010"}],"version-history":[{"count":0,"href":"https:\/\/www.messinaoggi.it\/website\/wp-json\/wp\/v2\/posts\/48010\/revisions"}],"wp:featuredmedia":[{"embeddable":true,"href":"https:\/\/www.messinaoggi.it\/website\/wp-json\/wp\/v2\/media\/41195"}],"wp:attachment":[{"href":"https:\/\/www.messinaoggi.it\/website\/wp-json\/wp\/v2\/media?parent=48010"}],"wp:term":[{"taxonomy":"category","embeddable":true,"href":"https:\/\/www.messinaoggi.it\/website\/wp-json\/wp\/v2\/categories?post=48010"},{"taxonomy":"post_tag","embeddable":true,"href":"https:\/\/www.messinaoggi.it\/website\/wp-json\/wp\/v2\/tags?post=48010"}],"curies":[{"name":"wp","href":"https:\/\/api.w.org\/{rel}","templated":true}]}}