{"id":48005,"date":"2020-10-15T20:08:10","date_gmt":"2020-10-15T18:08:10","guid":{"rendered":"https:\/\/www.messinaoggi.it\/website\/?p=48005"},"modified":"2020-10-15T20:08:10","modified_gmt":"2020-10-15T18:08:10","slug":"musumeci-vs-regionali-siad-cisal-dopo-il-flop-del-click-day-farebbe-meglio-a-tacere","status":"publish","type":"post","link":"https:\/\/www.messinaoggi.it\/website\/2020\/10\/15\/musumeci-vs-regionali-siad-cisal-dopo-il-flop-del-click-day-farebbe-meglio-a-tacere\/","title":{"rendered":"Musumeci VS Regionali, Siad-Cisal: \u201cDopo il flop del click day, farebbe meglio a tacere\u201d"},"content":{"rendered":"<p>\u201cIl Governatore Musumeci torna a scagliarsi contro i dipendenti della Regione Siciliana, definendoli \u2018inutili\u2019 e ribadendo le frasi offensive dei mesi scorsi contro le quali abbiamo gi\u00e0 sporto querela. Sorprende per\u00f2 che a fare la predica sia proprio il capo di un Governo che \u00e8 riuscito, lui s\u00ec, a danneggiare le imprese siciliane con il flop del click day e della cassa integrazione: non ci risulta nessuno si sia dimesso, quindi farebbe meglio a tacere\u201d. Lo dicono Giuseppe Badagliacca e Angelo Lo Curto del Siad-Cisal, commentando le dichiarazioni di Musumeci durante l\u2019intervento all\u2019Innovation Days de Il Sole 24 Ore.<br \/>\n\u201cVorremmo ricordare a Musumeci \u2013 continuano Badagliacca e Lo Curto \u2013 che non ha rispettato nemmeno uno degli impegni presi coi dipendenti, che ha fatto rientrare tutti in ufficio in barba alle restrizioni anti-Covid di cui poi chiede il rispetto ai siciliani e che si attendono ancora i soldi promessi in Finanziaria e rimasti lettera morta. Musumeci vuole rendere efficiente la Regione? Inizi dal suo Governo\u201d.<div id=\"div-gpt-ad-Messinaoggi.it-DSK-300x250-corpoart\" style=\"text-align:center;margin:0 auto;\"><\/div><\/p>\n<div id=\"videoincontent\" style=\"clear:both\";><\/div>","protected":false},"excerpt":{"rendered":"<p>\u201cIl Governatore Musumeci torna a scagliarsi contro i dipendenti della Regione Siciliana, definendoli \u2018inutili\u2019 e ribadendo le frasi offensive dei mesi scorsi contro le quali abbiamo gi\u00e0 sporto querela. Sorprende per\u00f2 che a fare la predica sia proprio il capo di un Governo che \u00e8 riuscito, lui s\u00ec, a danneggiare le imprese siciliane con il [&hellip;]<\/p>\n","protected":false},"author":4,"featured_media":19597,"comment_status":"closed","ping_status":"closed","sticky":false,"template":"","format":"standard","meta":{"ub_ctt_via":"","_mi_skip_tracking":false},"categories":[11],"tags":[],"featured_image_src":"https:\/\/www.messinaoggi.it\/website\/wp-content\/uploads\/2018\/05\/Musumeci-e-Bramanti-davanti-Palacultura-messinaoggiMarcyRuggi-1.jpg","author_info":{"display_name":"redme","author_link":"https:\/\/www.messinaoggi.it\/website\/author\/redme\/"},"digistream_id":0,"digistream":false,"_links":{"self":[{"href":"https:\/\/www.messinaoggi.it\/website\/wp-json\/wp\/v2\/posts\/48005"}],"collection":[{"href":"https:\/\/www.messinaoggi.it\/website\/wp-json\/wp\/v2\/posts"}],"about":[{"href":"https:\/\/www.messinaoggi.it\/website\/wp-json\/wp\/v2\/types\/post"}],"author":[{"embeddable":true,"href":"https:\/\/www.messinaoggi.it\/website\/wp-json\/wp\/v2\/users\/4"}],"replies":[{"embeddable":true,"href":"https:\/\/www.messinaoggi.it\/website\/wp-json\/wp\/v2\/comments?post=48005"}],"version-history":[{"count":0,"href":"https:\/\/www.messinaoggi.it\/website\/wp-json\/wp\/v2\/posts\/48005\/revisions"}],"wp:featuredmedia":[{"embeddable":true,"href":"https:\/\/www.messinaoggi.it\/website\/wp-json\/wp\/v2\/media\/19597"}],"wp:attachment":[{"href":"https:\/\/www.messinaoggi.it\/website\/wp-json\/wp\/v2\/media?parent=48005"}],"wp:term":[{"taxonomy":"category","embeddable":true,"href":"https:\/\/www.messinaoggi.it\/website\/wp-json\/wp\/v2\/categories?post=48005"},{"taxonomy":"post_tag","embeddable":true,"href":"https:\/\/www.messinaoggi.it\/website\/wp-json\/wp\/v2\/tags?post=48005"}],"curies":[{"name":"wp","href":"https:\/\/api.w.org\/{rel}","templated":true}]}}