{"id":48003,"date":"2020-10-15T20:03:34","date_gmt":"2020-10-15T18:03:34","guid":{"rendered":"https:\/\/www.messinaoggi.it\/website\/?p=48003"},"modified":"2020-10-15T20:03:34","modified_gmt":"2020-10-15T18:03:34","slug":"il-mare-avanza-e-galati-trema-disperato-appello-del-comitato","status":"publish","type":"post","link":"https:\/\/www.messinaoggi.it\/website\/2020\/10\/15\/il-mare-avanza-e-galati-trema-disperato-appello-del-comitato\/","title":{"rendered":"Il mare avanza e Galati trema: disperato appello del Comitato"},"content":{"rendered":"<p>&#8220;Galati ostaggio della burocrazia&#8221;, \u00e8 l&#8217;appello del Comitato salviamo Galati. &#8220;Una Valutazione di impatto ambientale attesa da mesi, tassello fondamentale per far partire i lavori di protezione della costa, una procedura che pare sospesa a tempo indeterminato poich\u00e9 sembrerebbe che manchi ulteriore documentazione necessaria per formularne l\u2019esito.<div id=\"div-gpt-ad-Messinaoggi.it-DSK-300x250-corpoart\" style=\"text-align:center;margin:0 auto;\"><\/div><\/p>\n<p style=\"font-weight: 400;\">E&#8217; inaccettabile che ancora si lascino i cittadini a brancolare nel buio e nessuno dia risposte certe. Dopo le illusioni degli ultimi mesi in cui il traguardo sembrava vicino, ma dove noi siamo andati con i piedi di piombo a dichiararci soddisfatti, oggi si fanno i conti con la dura realt\u00e0.<div id=\"videoincontent\" style=\"clear:both\";><\/div><\/p>\n<p style=\"font-weight: 400;\">Ormai da anni si parla di questo progetto di messa in sicurezza per il litorale di Galati Marina-S. Margherita, non trattasi del ponte sullo Stretto, bens\u00ec di un&#8217;opera di ben pi\u00f9 piccola portata, finanziata e con gara d\u2019appalto esitata, oltre che di estrema urgenza non economica, ma per la salvaguardia di una comunit\u00e0. Mentre chi dovrebbe avere le competenze di fare, per il bene dei cittadini, non opera con la pragmaticit\u00e0 richiesta dal caso, Galati trema!<\/p>\n<p style=\"font-weight: 400;\">I &#8216;burocrati&#8217; rimpallano vicendevolmente le responsabilit\u00e0 ed ancora gli organi preposti valutano di organizzarsi diversamente per il futuro, ed arrivare alle approvazioni dei progetti in maniera pi\u00f9 snella ed in ordine di priorit\u00e0, con l\u2019impressione che ci\u00f2 impatter\u00e0 prima su progetti, che riguardano altro. Relativamente al progetto di Galati il danno al momento \u00e8 fatto, un\u2019altra stagione \u00e8 stata persa e nei prossimi mesi gli abitanti dovranno tornare a fare i conti con le mareggiate, e la gi\u00e0 flebile economia a scontrarsi con una realt\u00e0 desolante che ogni giorno si spopola e impoverisce sempre di pi\u00f9, e nessuno sembra se ne preoccupi.<\/p>\n<p style=\"font-weight: 400;\">Di chi \u00e8 la colpa? di chi ha fornito la documentazione? Della Commissione che sembra non abbia richiesto integrazioni e pare che silenziosamente abbia messo tutto da parte?<\/p>\n<p style=\"font-weight: 400;\">Lo sdegno \u00e8 giunto al limite dell&#8217;immaginabile, di chi sia la colpa oggi per gli abitanti \u00e8 quasi irrilevante, agli stessi interessa l&#8217;obiettivo finale: salvarsi&#8221;.<\/p>\n","protected":false},"excerpt":{"rendered":"<p>&#8220;Galati ostaggio della burocrazia&#8221;, \u00e8 l&#8217;appello del Comitato salviamo Galati. &#8220;Una Valutazione di impatto ambientale attesa da mesi, tassello fondamentale per far partire i lavori di protezione della costa, una procedura che pare sospesa a tempo indeterminato poich\u00e9 sembrerebbe che manchi ulteriore documentazione necessaria per formularne l\u2019esito. E&#8217; inaccettabile che ancora si lascino i cittadini [&hellip;]<\/p>\n","protected":false},"author":4,"featured_media":40281,"comment_status":"closed","ping_status":"closed","sticky":false,"template":"","format":"standard","meta":{"ub_ctt_via":"","_mi_skip_tracking":false},"categories":[5],"tags":[],"featured_image_src":"https:\/\/www.messinaoggi.it\/website\/wp-content\/uploads\/2020\/02\/erosione-galati.jpeg","author_info":{"display_name":"redme","author_link":"https:\/\/www.messinaoggi.it\/website\/author\/redme\/"},"digistream_id":0,"digistream":false,"_links":{"self":[{"href":"https:\/\/www.messinaoggi.it\/website\/wp-json\/wp\/v2\/posts\/48003"}],"collection":[{"href":"https:\/\/www.messinaoggi.it\/website\/wp-json\/wp\/v2\/posts"}],"about":[{"href":"https:\/\/www.messinaoggi.it\/website\/wp-json\/wp\/v2\/types\/post"}],"author":[{"embeddable":true,"href":"https:\/\/www.messinaoggi.it\/website\/wp-json\/wp\/v2\/users\/4"}],"replies":[{"embeddable":true,"href":"https:\/\/www.messinaoggi.it\/website\/wp-json\/wp\/v2\/comments?post=48003"}],"version-history":[{"count":0,"href":"https:\/\/www.messinaoggi.it\/website\/wp-json\/wp\/v2\/posts\/48003\/revisions"}],"wp:featuredmedia":[{"embeddable":true,"href":"https:\/\/www.messinaoggi.it\/website\/wp-json\/wp\/v2\/media\/40281"}],"wp:attachment":[{"href":"https:\/\/www.messinaoggi.it\/website\/wp-json\/wp\/v2\/media?parent=48003"}],"wp:term":[{"taxonomy":"category","embeddable":true,"href":"https:\/\/www.messinaoggi.it\/website\/wp-json\/wp\/v2\/categories?post=48003"},{"taxonomy":"post_tag","embeddable":true,"href":"https:\/\/www.messinaoggi.it\/website\/wp-json\/wp\/v2\/tags?post=48003"}],"curies":[{"name":"wp","href":"https:\/\/api.w.org\/{rel}","templated":true}]}}