{"id":47990,"date":"2020-10-15T21:00:29","date_gmt":"2020-10-15T19:00:29","guid":{"rendered":"https:\/\/www.messinaoggi.it\/website\/?p=47990"},"modified":"2020-10-15T21:00:29","modified_gmt":"2020-10-15T19:00:29","slug":"volley-messina-volley-domenico-rizzo-dice-la-sua-su-preparazione-e-campionato","status":"publish","type":"post","link":"https:\/\/www.messinaoggi.it\/website\/2020\/10\/15\/volley-messina-volley-domenico-rizzo-dice-la-sua-su-preparazione-e-campionato\/","title":{"rendered":"VOLLEY &#8211; Messina Volley: Domenico Rizzo dice la sua su preparazione e campionato"},"content":{"rendered":"<h6><em><strong>Al via la preparazione della Prima Divisione del Messina Volley guidata da mister Domenico Rizzo<\/strong><\/em><\/h6>\n<p> <div id=\"div-gpt-ad-Messinaoggi.it-DSK-300x250-corpoart\" style=\"text-align:center;margin:0 auto;\"><\/div><\/p>\n<p style=\"text-align: justify\">Anche il Messina Volley di Prima Divisione ha iniziato, fra le mura del \u201cPalaRescifina\u201d, la preparazione in vista del prossimo campionato. Le giovani giallo-blu, allenate da mister Domenico Rizzo, si sono ritrovate dopo mesi di inattivit\u00e0, dettati dallo stop imposto per via dello sviluppo del Covid-19.<div id=\"videoincontent\" style=\"clear:both\";><\/div><\/p>\n<p style=\"text-align: justify\">Come nelle linee guida del progetto \u201cMessina Volley\u201d, anche la Prima Divisione si presenta ai nastri di partenza di questa stagione con una linea molto giovane, scandita da un gruppo cresciuto all\u2019interno della societ\u00e0 del direttore generale Mario Rizzo. Il roster delle giovani leonesse infatti \u00e8 composto dai liberi (entrambi classe 2002) Ylenia Biancuzzo e Giorgia Costa; le centrali Selene D\u2019Arrigo (2001), Federica La Malfa (2002), Simona Orlando (2002, che pu\u00f2 ricoprire anche il ruolo di opposto), Lorenza Panarello (1991), Federica Vaccarino (1999); le opposto Daria Culici Amato (1998), Chiara Raineri (1997); le palleggiatrici Cristina D\u2019Angelo (1998), Valentina Sorbara (2001); le schiacciatrici Noemi Bellantoni (2000), Valentina Giardina (1997), Giovanna Lembo (2005), Alessia Oliveri (2002).<\/p>\n<p style=\"text-align: justify\">Sull\u2019inizio della preparazione e sul prossimo campionato, il tecnico giallo-blu ha dichiarato:<\/p>\n<p style=\"text-align: justify\"><em>\u201cAbbiamo ripreso gli allenamenti dopo un periodo prolungato di stop e quindi, come logico che sia, la preparazione va fatta gradualmente perch\u00e9 dobbiamo evitare gli infortuni e quindi la prima settimana \u00e8 stata di rimessa in moto dei muscoli. Per il prosieguo cominceremo a lavorare sulla tecnica e cercheremo, quanto pi\u00f9 possibile, di farci trovare pronti anche se l\u2019inizio del campionato \u00e8 parecchio lontano e possiamo andare per tempo a completare la preparazione atletica e successivamente quella tecnica. <\/em><\/p>\n<p style=\"text-align: justify\"><em>Riguardo al campionato ancora non conosciamo il valore delle avversarie anche perch\u00e9, visto i problemi riguardanti il Covid, molte squadre avranno problemi con le palestre. Di conseguenza quello che dobbiamo fare \u00e8 preparaci al meglio nel farci trovare pronti e poi l\u2019importante \u00e8 fare un bel campionato e tutto il resto lo lasciamo a quello che viene\u201d.<\/em><\/p>\n","protected":false},"excerpt":{"rendered":"<p>Al via la preparazione della Prima Divisione del Messina Volley guidata da mister Domenico Rizzo Anche il Messina Volley di Prima Divisione ha iniziato, fra le mura del \u201cPalaRescifina\u201d, la preparazione in vista del prossimo campionato. Le giovani giallo-blu, allenate da mister Domenico Rizzo, si sono ritrovate dopo mesi di inattivit\u00e0, dettati dallo stop imposto [&hellip;]<\/p>\n","protected":false},"author":17,"featured_media":47991,"comment_status":"closed","ping_status":"closed","sticky":false,"template":"","format":"standard","meta":{"ub_ctt_via":"","_mi_skip_tracking":false},"categories":[8,9],"tags":[383,384],"featured_image_src":"https:\/\/www.messinaoggi.it\/website\/wp-content\/uploads\/2020\/10\/mister-Domenico-Rizzo.jpg","author_info":{"display_name":"Giuseppe Luppino","author_link":"https:\/\/www.messinaoggi.it\/website\/author\/g-luppino\/"},"digistream_id":0,"digistream":false,"_links":{"self":[{"href":"https:\/\/www.messinaoggi.it\/website\/wp-json\/wp\/v2\/posts\/47990"}],"collection":[{"href":"https:\/\/www.messinaoggi.it\/website\/wp-json\/wp\/v2\/posts"}],"about":[{"href":"https:\/\/www.messinaoggi.it\/website\/wp-json\/wp\/v2\/types\/post"}],"author":[{"embeddable":true,"href":"https:\/\/www.messinaoggi.it\/website\/wp-json\/wp\/v2\/users\/17"}],"replies":[{"embeddable":true,"href":"https:\/\/www.messinaoggi.it\/website\/wp-json\/wp\/v2\/comments?post=47990"}],"version-history":[{"count":0,"href":"https:\/\/www.messinaoggi.it\/website\/wp-json\/wp\/v2\/posts\/47990\/revisions"}],"wp:featuredmedia":[{"embeddable":true,"href":"https:\/\/www.messinaoggi.it\/website\/wp-json\/wp\/v2\/media\/47991"}],"wp:attachment":[{"href":"https:\/\/www.messinaoggi.it\/website\/wp-json\/wp\/v2\/media?parent=47990"}],"wp:term":[{"taxonomy":"category","embeddable":true,"href":"https:\/\/www.messinaoggi.it\/website\/wp-json\/wp\/v2\/categories?post=47990"},{"taxonomy":"post_tag","embeddable":true,"href":"https:\/\/www.messinaoggi.it\/website\/wp-json\/wp\/v2\/tags?post=47990"}],"curies":[{"name":"wp","href":"https:\/\/api.w.org\/{rel}","templated":true}]}}