{"id":47946,"date":"2020-10-13T14:15:53","date_gmt":"2020-10-13T12:15:53","guid":{"rendered":"https:\/\/www.messinaoggi.it\/website\/?p=47946"},"modified":"2020-10-13T14:15:53","modified_gmt":"2020-10-13T12:15:53","slug":"calcio-a-5-serie-a2-siac-pronta-a-stupire-nella-stagione-che-sta-per-iniziare","status":"publish","type":"post","link":"https:\/\/www.messinaoggi.it\/website\/2020\/10\/13\/calcio-a-5-serie-a2-siac-pronta-a-stupire-nella-stagione-che-sta-per-iniziare\/","title":{"rendered":"CALCIO A 5 SERIE A2 &#8211; SIAC pronta a stupire nella stagione che sta per iniziare"},"content":{"rendered":"<h6><em><strong>A Palazzo Zanca la presentazione della societ\u00e0 peloritana presieduta dal presidente Marco Ravid\u00e0<\/strong><\/em><\/h6>\n<p> <br \/>\nE\u2019 stata presentata ieri mattina, nel Salone delle Bandiere di Palazzo Zanca, la stagione sportiva 2020-21 della Siac Messina. La societ\u00e0 cittadina di calcio a 5 disputer\u00e0 quest\u2019anno il prestigioso campionato di serie A2 (girone D), l\u2019Under 19 nazionale e valorizzer\u00e0 ulteriormente l\u2019intero settore giovanile con le squadre U17 e U15 provinciali.<br \/>\nAlla presenza dell\u2019assessore comunale allo Sport Francesco Gallo, della stampa, dei dirigenti, dei calcettisti e degli sponsor, sono stati illustrati il programma e le ambizioni del club, esibite le nuove maglie da gioco e si \u00e8 parlato dell\u2019atteso match d\u2019esordio contro il Pirossigeno Citt\u00e0 di Cosenza, in programma sabato 17 ottobre (inizio ore 16) al \u201cPalaNebiolo\u201d.<br \/>\n&#8220;<em>La Serie A2 \u00e8 un campionato importante, che vogliamo portare avanti con l&#8217;aiuto di tutti<\/em> \u2013 ha dichiarato il presidente della Siac Marco Ravid\u00e0 &#8211; <em>siamo partiti da lontano, non dimentichiamo che calcavamo i campi di erba sintetica in D solo qualche anno fa. Durante questo percorso, le difficolt\u00e0 non sono ovviamente mancate. Per raggiungere gli obiettivi che ci siamo prefissati occorre una forte compagine societaria e noi l&#8217;abbiamo ampliata inserendo due vicepresidenti, D&#8217;Urso e Grillo, oltre al direttore sportivo Soffli.\u00a0Le Istituzioni ci stiano vicine, abbiamo bisogno del loro sostegno&#8221;<\/em>.<br \/>\nL\u2019assessore Gallo ha portato i saluti del sindaco Cateno De Luca e dell\u2019intera Amministrazione comunale ed elogiato gli sforzi economici intrapresi per assicurare alla citt\u00e0 una serie altamente qualificata. \u201c<em>Anche se l\u2019attuale emergenza sanitaria dovuta al Covid 19 rende ancora pi\u00f9 complicato il percorso intrapreso<\/em> \u2013 queste le parole di Gallo &#8211; <em>garantisco la massima disponibilit\u00e0 da parte dell\u2019Amministrazione, che esprime un forte senso di gratitudine per quanto fatto\u201d<\/em>.<br \/>\nSulla stessa lunghezza d\u2019onda il direttore generale dei biancazzurri Salvatore La Mendola: &#8220;<em>Con l\u2019assessore allo Sport ci siamo confrontati su diversi aspetti e si \u00e8 subito instaurato un bel rapporto. Voglio fare l&#8217;in bocca al lupo a tutti per un campionato da affrontare nel migliore dei modi. Sfideremo formazioni blasonate ed intendiamo portare in alto il nome di Messina. Ringrazio gli sponsor che ci sono vicini ed i ragazzi, che ci stanno seguendo con passione&#8221;<\/em>.<br \/>\n<div id=\"attachment_47948\" style=\"width: 432px\" class=\"wp-caption alignright\"><img aria-describedby=\"caption-attachment-47948\" loading=\"lazy\" class=\" wp-image-47948\" src=\"https:\/\/www.messinaoggi.it\/website\/wp-content\/uploads\/2020\/10\/Il-direttore-generale-della-SIAC-Salvatore-La-Mendola-300x200.jpeg\" alt=\"\" width=\"422\" height=\"281\" \/><p id=\"caption-attachment-47948\" class=\"wp-caption-text\">Il DG Salvatore La Mendola<\/p><\/div><br \/>\nL\u2019aspetto tecnico \u00e8 stato analizzato dal giovane allenatore Salvatore D\u2019Urso: \u201c<em>Sabato ci attende il primo banco di prova con il debutto ufficiale in A2. Sono soddisfatto per il mercato operato dalla societ\u00e0. In organico qualcuno \u00e8 pi\u00f9 esperto, altri sono acquisti mirati e alcuni dei graditi ritorni. Cercheremo contro il Cosenza di fare subito risultato. Credo fortemente nel gruppo&#8221;<\/em>.<br \/>\n<span style=\"text-decoration: underline\"><strong>ORGANICO SERIE A2 E UNDER 19:<\/strong><\/span><br \/>\nAhmed Abdelbaky (Egitto) 1996; Emanuel Aric\u00f2 2003; Gabriele Bruno 2002; Salvatore Capillo 1999; Luca Carrisi 2001; Andrea Centorrino 2000; Antonio Colavita 1996; Luca Colavita 2001; Manuel Cubeta 2000; Giuseppe Curr\u00f2 2000; Antonio Carmelo D\u2019Aleo 2001; Roberto D\u2019Emilio 1990; Damiano Di Rosa 2001; Claudio Esposito 2001; Federico Fallico 2001; Antonio Farinella 2000; Alberto Fernandez Dominguez (Spagna) 1996; Francesco Foscarini 2002; Giuseppe Foti 1998; Fabio Giordano 2002; Victor Gabriel Goncalves Pagotto (Brasile) 2000; Adrian Gonzales Varela (Spagna) 1995; Fabrizio La Fauci 1994; Aleandro La Rosa 1997; Luca Lo Vecchio 2000; Giovanni Piccolo 1997; Filippo Santoro 2002; Samuele Savoca 2001; Andrea Scollo 2000; Giovanni Silipigni 2002; Antonino Soffli 2003; Federico Venuto 2002. <strong>Allenatore<\/strong>: Salvatore D\u2019Urso.<div id=\"div-gpt-ad-Messinaoggi.it-DSK-300x250-corpoart\" style=\"text-align:center;margin:0 auto;\"><\/div><\/p>\n<div id=\"videoincontent\" style=\"clear:both\";><\/div>","protected":false},"excerpt":{"rendered":"<p>A Palazzo Zanca la presentazione della societ\u00e0 peloritana presieduta dal presidente Marco Ravid\u00e0 E\u2019 stata presentata ieri mattina, nel Salone delle Bandiere di Palazzo Zanca, la stagione sportiva 2020-21 della Siac Messina. La societ\u00e0 cittadina di calcio a 5 disputer\u00e0 quest\u2019anno il prestigioso campionato di serie A2 (girone D), l\u2019Under 19 nazionale e valorizzer\u00e0 ulteriormente [&hellip;]<\/p>\n","protected":false},"author":17,"featured_media":47947,"comment_status":"closed","ping_status":"closed","sticky":false,"template":"","format":"standard","meta":{"ub_ctt_via":"","_mi_skip_tracking":false},"categories":[8,9],"tags":[244,375],"featured_image_src":"https:\/\/www.messinaoggi.it\/website\/wp-content\/uploads\/2020\/10\/Giocatori-SIAC-MESSINA-a-Palazzo-Zanca.jpeg","author_info":{"display_name":"Giuseppe Luppino","author_link":"https:\/\/www.messinaoggi.it\/website\/author\/g-luppino\/"},"digistream_id":0,"digistream":false,"_links":{"self":[{"href":"https:\/\/www.messinaoggi.it\/website\/wp-json\/wp\/v2\/posts\/47946"}],"collection":[{"href":"https:\/\/www.messinaoggi.it\/website\/wp-json\/wp\/v2\/posts"}],"about":[{"href":"https:\/\/www.messinaoggi.it\/website\/wp-json\/wp\/v2\/types\/post"}],"author":[{"embeddable":true,"href":"https:\/\/www.messinaoggi.it\/website\/wp-json\/wp\/v2\/users\/17"}],"replies":[{"embeddable":true,"href":"https:\/\/www.messinaoggi.it\/website\/wp-json\/wp\/v2\/comments?post=47946"}],"version-history":[{"count":0,"href":"https:\/\/www.messinaoggi.it\/website\/wp-json\/wp\/v2\/posts\/47946\/revisions"}],"wp:featuredmedia":[{"embeddable":true,"href":"https:\/\/www.messinaoggi.it\/website\/wp-json\/wp\/v2\/media\/47947"}],"wp:attachment":[{"href":"https:\/\/www.messinaoggi.it\/website\/wp-json\/wp\/v2\/media?parent=47946"}],"wp:term":[{"taxonomy":"category","embeddable":true,"href":"https:\/\/www.messinaoggi.it\/website\/wp-json\/wp\/v2\/categories?post=47946"},{"taxonomy":"post_tag","embeddable":true,"href":"https:\/\/www.messinaoggi.it\/website\/wp-json\/wp\/v2\/tags?post=47946"}],"curies":[{"name":"wp","href":"https:\/\/api.w.org\/{rel}","templated":true}]}}