{"id":47942,"date":"2020-10-13T11:45:10","date_gmt":"2020-10-13T09:45:10","guid":{"rendered":"https:\/\/www.messinaoggi.it\/website\/?p=47942"},"modified":"2020-10-13T11:45:10","modified_gmt":"2020-10-13T09:45:10","slug":"raffa-m5s-de-luca-ha-fatto-perdere-12-mln-di-finanziamenti","status":"publish","type":"post","link":"https:\/\/www.messinaoggi.it\/website\/2020\/10\/13\/raffa-m5s-de-luca-ha-fatto-perdere-12-mln-di-finanziamenti\/","title":{"rendered":"Raffa (M5S): \u201cDe Luca ha fatto perdere 1,2 mln di finanziamenti\u201d"},"content":{"rendered":"<p>\u201cCaro sindaco e se urlassimo di meno, collaborassimo di pi\u00f9 ed evitassimo che la citt\u00e0 di Messina perda finanziamenti?\u201d, inizia cos\u00ec una lettera aperta di Angela Raffa, deputata messinese del Movimento 5 Stelle e \u00a0componente della Commissione trasporti, poste e telecomunicazioni, indirizzata al sindaco metropolitano Cateno De Luca, nella quale lo accusa di aver fatto perdere all&#8217;ex provincia 1,2 milioni di euro di finanziamento statale per non aver ancora approvato i piani urbani per la mobilit\u00e0 sostenibile.<br \/>\n\u201c\u00c8 stato pubblicato il decreto del Ministero delle Infrastrutture e dei Trasporti con cui vengono stanziati 133 milioni di euro per la mobilit\u00e0 sostenibile e le ciclovie urbane. Messina, tra i soldi spettanti alla citt\u00e0 metropolitana ed al comune, ricever\u00e0 2.392.402 euro. Ulteriori 1,2 milioni di euro sarebbero stati assegnati se solo si fossero approvati gli strumenti di pianificazione per la mobilit\u00e0 sostenibile entro il termine di legge del 30 aprile scorso (800mila di premio per l&#8217;ex provincia, cui sommare altri 400mila per il comune). Risorse aggiuntive che erano alla nostra portata. Per esempio Siracusa \u00e8 riuscita ad ottenerle. Adesso ci si ricordi entro quindici giorni di richiedere al Ministero le risorse assegnate oppure rischiamo di perdere pure quelle.<br \/>\n\u201cSi tratta di finanziamenti utili perch\u00e9 immediati, e con gli appalti che derivano si generano posti di lavoro e ricchezza locale. Inoltre si provvede, nell&#8217;insieme delle opere, anche a risistemare il manto stradale, marciapiedi, aiuole\u2026 e sappiamo bene quanto siano disastrati. Dispiace per\u00f2 vedere come, a volte, gli sforzi di chi si impegna per portare finanziamenti sui territori, rischiano di essere sviliti dalle inefficienze dei palazzi del potere locale. A breve verr\u00e0 emesso un decreto dirigenziale, a cura del direttore generale per i sistemi di trasporto ad impianti fissi ed il trasporto pubblico locale dello stesso ministero, per ripartire ulteriori 4 milioni e 244 mila euro destinati alla circolazione ciclistica nelle citt\u00e0 universitarie. Messina si faccia trovare pronta\u201d.<div id=\"div-gpt-ad-Messinaoggi.it-DSK-300x250-corpoart\" style=\"text-align:center;margin:0 auto;\"><\/div><\/p>\n<div id=\"videoincontent\" style=\"clear:both\";><\/div>","protected":false},"excerpt":{"rendered":"<p>\u201cCaro sindaco e se urlassimo di meno, collaborassimo di pi\u00f9 ed evitassimo che la citt\u00e0 di Messina perda finanziamenti?\u201d, inizia cos\u00ec una lettera aperta di Angela Raffa, deputata messinese del Movimento 5 Stelle e \u00a0componente della Commissione trasporti, poste e telecomunicazioni, indirizzata al sindaco metropolitano Cateno De Luca, nella quale lo accusa di aver fatto [&hellip;]<\/p>\n","protected":false},"author":8,"featured_media":28964,"comment_status":"closed","ping_status":"closed","sticky":false,"template":"","format":"standard","meta":{"ub_ctt_via":"","_mi_skip_tracking":false},"categories":[4],"tags":[],"featured_image_src":"https:\/\/www.messinaoggi.it\/website\/wp-content\/uploads\/2019\/01\/Raffa-4-copia.jpg","author_info":{"display_name":"red..me","author_link":"https:\/\/www.messinaoggi.it\/website\/author\/redstage\/"},"digistream_id":0,"digistream":false,"_links":{"self":[{"href":"https:\/\/www.messinaoggi.it\/website\/wp-json\/wp\/v2\/posts\/47942"}],"collection":[{"href":"https:\/\/www.messinaoggi.it\/website\/wp-json\/wp\/v2\/posts"}],"about":[{"href":"https:\/\/www.messinaoggi.it\/website\/wp-json\/wp\/v2\/types\/post"}],"author":[{"embeddable":true,"href":"https:\/\/www.messinaoggi.it\/website\/wp-json\/wp\/v2\/users\/8"}],"replies":[{"embeddable":true,"href":"https:\/\/www.messinaoggi.it\/website\/wp-json\/wp\/v2\/comments?post=47942"}],"version-history":[{"count":0,"href":"https:\/\/www.messinaoggi.it\/website\/wp-json\/wp\/v2\/posts\/47942\/revisions"}],"wp:featuredmedia":[{"embeddable":true,"href":"https:\/\/www.messinaoggi.it\/website\/wp-json\/wp\/v2\/media\/28964"}],"wp:attachment":[{"href":"https:\/\/www.messinaoggi.it\/website\/wp-json\/wp\/v2\/media?parent=47942"}],"wp:term":[{"taxonomy":"category","embeddable":true,"href":"https:\/\/www.messinaoggi.it\/website\/wp-json\/wp\/v2\/categories?post=47942"},{"taxonomy":"post_tag","embeddable":true,"href":"https:\/\/www.messinaoggi.it\/website\/wp-json\/wp\/v2\/tags?post=47942"}],"curies":[{"name":"wp","href":"https:\/\/api.w.org\/{rel}","templated":true}]}}