{"id":4791,"date":"2017-07-14T12:34:44","date_gmt":"2017-07-14T10:34:44","guid":{"rendered":"http:\/\/www.messinaoggi.it\/website\/?p=4791"},"modified":"2017-07-14T12:34:44","modified_gmt":"2017-07-14T10:34:44","slug":"taomoda-rende-omaggio-a-gianfranco-ferre","status":"publish","type":"post","link":"https:\/\/www.messinaoggi.it\/website\/2017\/07\/14\/taomoda-rende-omaggio-a-gianfranco-ferre\/","title":{"rendered":"Taomoda rende omaggio a Gianfranco Ferr\u00e8"},"content":{"rendered":"<p style=\"text-align: justify\">Nell\u2019ambito degli eventi che\u00a0 caratterizzano Taomoda, la rassegna pi\u00f9 fashion dell\u2019estate, da domani fino a domenica 23, avr\u00e0 luogo una mostra dedicata a Gianfranco Ferr\u00e9, uno dei\u00a0 pi\u00f9 grandi stilisti italiani. L\u2019evento,\u00a0 dal titolo<strong>\u201cGianfranco Ferr\u00e9. Moda, un racconto nei disegni\u201d, \u00a0comprender\u00e0 abiti e bozzetti, esposti all\u2019interno del fashion hub Taomoda-NH Collection Taormina dal 15 al 23 luglio 2017. <\/strong><div id=\"div-gpt-ad-Messinaoggi.it-DSK-300x250-corpoart\" style=\"text-align:center;margin:0 auto;\"><\/div><\/p>\n<p style=\"text-align: justify\">La mostra rivela come il disegno, per Ferr\u00e9, non fosse solo uno strumento per dare concretezza a un\u2019idea, ma anche il punto di partenza per ogni progetto d\u2019abito.<div id=\"videoincontent\" style=\"clear:both\";><\/div><\/p>\n<p><img loading=\"lazy\" class=\"alignnone size-medium wp-image-4795\" src=\"http:\/\/www.messinaoggi.it\/website\/wp-content\/uploads\/2017\/07\/Gianfranco-Ferr\u00e8-300x215.jpg\" alt=\"\" width=\"300\" height=\"215\" \/><\/p>\n<p style=\"text-align: justify\">Corpi stilizzati in linee, segni veloci sulla carta, tratti bold a matita o a pennarello, punteggiati qua e l\u00e0 dal colore. Un modo per \u201cdefinire\u201d l\u2019abito, ma anche e soprattutto la donna pensata per indossarlo. Parlando dei suoi bozzetti, lo stilista ricorreva a queste parole: <em>\u201cSegni sulla carta come poesia: il disegno per me riesce a essere, non in ultimo, espressione individuale di aspettative, aspirazioni e desideri, legati al mio modo d\u2019intendere la bellezza, l\u2019armonia e lo stile, pi\u00f9 ancora della moda. Una poesia che fa di quest\u2019ultima un mezzo per raccontarsi, per tradurre in immagini, manifestare nella realt\u00e0 e condividere il mio mondo interiore\u201d.<\/em><\/p>\n<p style=\"text-align: justify\">La mostra \u00e8 a cura della Fondazione Gianfranco Ferr\u00e9, diretta da Rita Airaghi, che, sabato 22 luglio ricever\u00e0 al Teatro Antico di Taormina il Tao Award per la Cultura della Moda in occasione della serata di gala di Taomoda.<\/p>\n<p style=\"text-align: justify\">Ancora una volta Taomoda diventa dispensatrice di fashion a 360\u00b0.<\/p>\n","protected":false},"excerpt":{"rendered":"<p>Nell\u2019ambito degli eventi che\u00a0 caratterizzano Taomoda, la rassegna pi\u00f9 fashion dell\u2019estate, da domani fino a domenica 23, avr\u00e0 luogo una mostra dedicata a Gianfranco Ferr\u00e9, uno dei\u00a0 pi\u00f9 grandi stilisti italiani. L\u2019evento,\u00a0 dal titolo\u201cGianfranco Ferr\u00e9. Moda, un racconto nei disegni\u201d, \u00a0comprender\u00e0 abiti e bozzetti, esposti all\u2019interno del fashion hub Taomoda-NH Collection Taormina dal 15 al [&hellip;]<\/p>\n","protected":false},"author":5,"featured_media":4793,"comment_status":"closed","ping_status":"open","sticky":false,"template":"","format":"standard","meta":{"ub_ctt_via":"","_mi_skip_tracking":false},"categories":[17],"tags":[],"featured_image_src":"https:\/\/www.messinaoggi.it\/website\/wp-content\/uploads\/2017\/07\/taomoda-2.jpg","author_info":{"display_name":"Maria Antonella Saia","author_link":"https:\/\/www.messinaoggi.it\/website\/author\/m-saia\/"},"digistream_id":0,"digistream":false,"_links":{"self":[{"href":"https:\/\/www.messinaoggi.it\/website\/wp-json\/wp\/v2\/posts\/4791"}],"collection":[{"href":"https:\/\/www.messinaoggi.it\/website\/wp-json\/wp\/v2\/posts"}],"about":[{"href":"https:\/\/www.messinaoggi.it\/website\/wp-json\/wp\/v2\/types\/post"}],"author":[{"embeddable":true,"href":"https:\/\/www.messinaoggi.it\/website\/wp-json\/wp\/v2\/users\/5"}],"replies":[{"embeddable":true,"href":"https:\/\/www.messinaoggi.it\/website\/wp-json\/wp\/v2\/comments?post=4791"}],"version-history":[{"count":0,"href":"https:\/\/www.messinaoggi.it\/website\/wp-json\/wp\/v2\/posts\/4791\/revisions"}],"wp:featuredmedia":[{"embeddable":true,"href":"https:\/\/www.messinaoggi.it\/website\/wp-json\/wp\/v2\/media\/4793"}],"wp:attachment":[{"href":"https:\/\/www.messinaoggi.it\/website\/wp-json\/wp\/v2\/media?parent=4791"}],"wp:term":[{"taxonomy":"category","embeddable":true,"href":"https:\/\/www.messinaoggi.it\/website\/wp-json\/wp\/v2\/categories?post=4791"},{"taxonomy":"post_tag","embeddable":true,"href":"https:\/\/www.messinaoggi.it\/website\/wp-json\/wp\/v2\/tags?post=4791"}],"curies":[{"name":"wp","href":"https:\/\/api.w.org\/{rel}","templated":true}]}}