{"id":47891,"date":"2020-10-12T10:07:29","date_gmt":"2020-10-12T08:07:29","guid":{"rendered":"https:\/\/www.messinaoggi.it\/website\/?p=47891"},"modified":"2020-10-12T10:07:29","modified_gmt":"2020-10-12T08:07:29","slug":"incidente-in-centro-feriti-due-vigili-urbani","status":"publish","type":"post","link":"https:\/\/www.messinaoggi.it\/website\/2020\/10\/12\/incidente-in-centro-feriti-due-vigili-urbani\/","title":{"rendered":"Incidente in centro: feriti due vigili urbani"},"content":{"rendered":"<p style=\"text-align: justify\">Incidente questa mattina sul viale San Martino, all\u2019incrocio con via Trieste. L\u00ec infatti si \u00e8 verificato uno scontro tra una Toyota Yaris e una volante della Polizia municipale.<div id=\"div-gpt-ad-Messinaoggi.it-DSK-300x250-corpoart\" style=\"text-align:center;margin:0 auto;\"><\/div><\/p>\n<p style=\"text-align: justify\">Stando alle prime ricostruzioni, la Yaris procedeva in direzione mare-monte, mentre la vettura della Municipale stava per immettersi sulla corsia del tram, forse per eludere il traffico cittadino a causa di un\u2019emergenza. Ed \u00e8 proprio in prossimit\u00e0 della corsia del tram che si \u00e8 verificato il sinistro, nell\u2019ambito del quale la Yaris \u00e8 finita sulla fiancata destra dell\u2019auto della Polizia municipale. Non \u00e8 chiaro chi sia il responsabile del sinistro.<div id=\"videoincontent\" style=\"clear:both\";><\/div><\/p>\n<p style=\"text-align: justify\">Il bilancio dell\u2019incidente \u00e8 di due feriti. I vigili urbani a bordo dell\u2019auto sono infatti rimasti lievemente feriti, e per questo motivo sono stati trasportati in ospedale dagli operatori del 118.<\/p>\n","protected":false},"excerpt":{"rendered":"<p>Incidente questa mattina sul viale San Martino, all\u2019incrocio con via Trieste. L\u00ec infatti si \u00e8 verificato uno scontro tra una Toyota Yaris e una volante della Polizia municipale. Stando alle prime ricostruzioni, la Yaris procedeva in direzione mare-monte, mentre la vettura della Municipale stava per immettersi sulla corsia del tram, forse per eludere il traffico [&hellip;]<\/p>\n","protected":false},"author":8,"featured_media":47892,"comment_status":"closed","ping_status":"closed","sticky":false,"template":"","format":"standard","meta":{"ub_ctt_via":"","_mi_skip_tracking":false},"categories":[19,6],"tags":[],"featured_image_src":"https:\/\/www.messinaoggi.it\/website\/wp-content\/uploads\/2020\/10\/incidente-municipale.jpg","author_info":{"display_name":"red..me","author_link":"https:\/\/www.messinaoggi.it\/website\/author\/redstage\/"},"digistream_id":0,"digistream":false,"_links":{"self":[{"href":"https:\/\/www.messinaoggi.it\/website\/wp-json\/wp\/v2\/posts\/47891"}],"collection":[{"href":"https:\/\/www.messinaoggi.it\/website\/wp-json\/wp\/v2\/posts"}],"about":[{"href":"https:\/\/www.messinaoggi.it\/website\/wp-json\/wp\/v2\/types\/post"}],"author":[{"embeddable":true,"href":"https:\/\/www.messinaoggi.it\/website\/wp-json\/wp\/v2\/users\/8"}],"replies":[{"embeddable":true,"href":"https:\/\/www.messinaoggi.it\/website\/wp-json\/wp\/v2\/comments?post=47891"}],"version-history":[{"count":0,"href":"https:\/\/www.messinaoggi.it\/website\/wp-json\/wp\/v2\/posts\/47891\/revisions"}],"wp:featuredmedia":[{"embeddable":true,"href":"https:\/\/www.messinaoggi.it\/website\/wp-json\/wp\/v2\/media\/47892"}],"wp:attachment":[{"href":"https:\/\/www.messinaoggi.it\/website\/wp-json\/wp\/v2\/media?parent=47891"}],"wp:term":[{"taxonomy":"category","embeddable":true,"href":"https:\/\/www.messinaoggi.it\/website\/wp-json\/wp\/v2\/categories?post=47891"},{"taxonomy":"post_tag","embeddable":true,"href":"https:\/\/www.messinaoggi.it\/website\/wp-json\/wp\/v2\/tags?post=47891"}],"curies":[{"name":"wp","href":"https:\/\/api.w.org\/{rel}","templated":true}]}}