{"id":4786,"date":"2017-07-14T11:35:53","date_gmt":"2017-07-14T09:35:53","guid":{"rendered":"http:\/\/www.messinaoggi.it\/website\/?p=4786"},"modified":"2017-07-14T11:35:53","modified_gmt":"2017-07-14T09:35:53","slug":"la-magia-della-carmen-di-bizet-sul-palco-del-teatro-antico-di-taormina","status":"publish","type":"post","link":"https:\/\/www.messinaoggi.it\/website\/2017\/07\/14\/la-magia-della-carmen-di-bizet-sul-palco-del-teatro-antico-di-taormina\/","title":{"rendered":"La magia della Carmen di Biz\u00e8t sul palco del Teatro Antico di Taormina"},"content":{"rendered":"<p style=\"text-align: justify\">Domani, alle ore 21.30,\u00a0nell\u2019incantevole scenario del Teatro Antico di Taormina\u00a0andr\u00e0 \u00a0in scena il balletto\u00a0<em>Carmen<\/em>, diretto e interpretato da \u00a0Jos\u00e9 Perez, il celebre coreografo e ballerino cubano. La sua peculiare versione in danza proporr\u00e0 una rilettura in chiave moderna della celebre opera \u00a0di Georges Bizet.<div id=\"div-gpt-ad-Messinaoggi.it-DSK-300x250-corpoart\" style=\"text-align:center;margin:0 auto;\"><\/div><\/p>\n<p style=\"text-align: justify\">Lo spettacolo fa parte del circuito\u00a0Anfiteatro Sicilia, promosso da Regione Siciliana &#8211; Assessorato al Turismo, Sport e Spettacolo e Assessorato dei Beni Culturali e dell\u2019Identit\u00e0 Siciliana. Jos\u00e9 Perez, molto noto anche al pubblico televisivo\u00a0per la partecipazione al programma \u201cAmici di Maria De Filippi\u201d,\u00a0oltre a curare la coreografia rivestir\u00e0 con il suo carisma il personaggio di Don Jos\u00e9<em>.\u00a0<\/em>Al fianco del ballerino cubano spiccano\u00a0Chiara Amazio\u00a0(Carmen),\u00a0Paola De Filippis(Micaela) e Marco Bozzato\u00a0(Escamillo). L\u2019Orchestra\u00a0del\u00a0Teatro Massimo Bellini di Catania\u00a0sar\u00e0 diretta dal maestro\u00a0Stefano Salvatori.\u00a0Le scene del raffinato allestimento sono curate da\u00a0Raffaele Ajovalast, i costumi da Xanto Danza di\u00a0Marcella Panico.<div id=\"videoincontent\" style=\"clear:both\";><\/div><\/p>\n<p> <br \/>\n<img loading=\"lazy\" class=\"alignnone  wp-image-4784\" src=\"http:\/\/www.messinaoggi.it\/website\/wp-content\/uploads\/2017\/07\/IMG_6370-300x200.jpg\" alt=\"\" width=\"492\" height=\"328\" \/><\/p>\n<p style=\"text-align: justify\">Per\u00a0Jos\u00e9 Perez\u00a0si tratta di un gradito ritorno, che segna un rinnovato impegno:<em>\u00a0\u00abSono molto contento di collaborare con il Teatro Bellini di Catania, che ha appoggiato il progetto proposto da me e dall\u2019associazione Futuro Danza Palermo<\/em>.<em>\u00a0Conoscevo bene il teatro etneo, tra i pi\u00f9 belli del mondo, sul cui palcoscenico ho avuto il piacere di danzare come \u00e9toile nel ruolo di Romeo e\u00a0oggi, sapendo che in questo teatro non esiste pi\u00f9 un corpo di ballo, ho pensato di portare a Taormina la mia \u201cCarmen\u201d<\/em>,<em>\u00a0presentata nel 2015 al Teatro Romano di Benevento e gi\u00e0 concepita per una cavea classica. Sono onorato e ringrazio la direzione del Massimo catanese per aver sostenuto e promosso la produzione\u00bb.<\/em><\/p>\n<p style=\"text-align: justify\">La struttura coreografica \u00e8 arricchita di contrasti fra i festosi motivi zingareschi e l\u2019incalzare drammatico dell\u2019azione, con una costante \u201cnarrativit\u00e0\u201d esplicitamente espressa e mai fine a s\u00e9 stessa.\u00a0Carmen si distingue come donna diversa, fuori dagli schemi precostituiti, molto sicura, che non teme confronti e vuole tutte le attenzioni su di s\u00e9. \u00c8 sfrontata, non si lascia condizionare da nulla, sa di essere la pi\u00f9 bella ed \u00e8 ben consapevole\u00a0del suo ascendente, n\u00e9 cede a compromessi, neanche quando va incontro al suo destino. Don Jos\u00e9 inizialmente non si concede,\u00a0resta nella sua posizione di uomo\u00a0autoritario, un soldato, determinato nella scelta di andare fino in fondo nel suo proposito: ammaliato dalla sua bellezza, vuole far valere sulla sigaraia\u00a0la propria posizione, portando questo comportamento alle estreme conseguenze.<\/p>\n<p style=\"text-align: justify\">Un evento da\u00a0 non perdere \u00a0\u00a0per essere travolti dalla magia di una storia senza tempo.<\/p>\n","protected":false},"excerpt":{"rendered":"<p>Domani, alle ore 21.30,\u00a0nell\u2019incantevole scenario del Teatro Antico di Taormina\u00a0andr\u00e0 \u00a0in scena il balletto\u00a0Carmen, diretto e interpretato da \u00a0Jos\u00e9 Perez, il celebre coreografo e ballerino cubano. La sua peculiare versione in danza proporr\u00e0 una rilettura in chiave moderna della celebre opera \u00a0di Georges Bizet. Lo spettacolo fa parte del circuito\u00a0Anfiteatro Sicilia, promosso da Regione Siciliana [&hellip;]<\/p>\n","protected":false},"author":5,"featured_media":4783,"comment_status":"closed","ping_status":"open","sticky":false,"template":"","format":"standard","meta":{"ub_ctt_via":"","_mi_skip_tracking":false},"categories":[17],"tags":[],"featured_image_src":"https:\/\/www.messinaoggi.it\/website\/wp-content\/uploads\/2017\/07\/IMG_6419-2.jpg","author_info":{"display_name":"Maria Antonella Saia","author_link":"https:\/\/www.messinaoggi.it\/website\/author\/m-saia\/"},"digistream_id":0,"digistream":false,"_links":{"self":[{"href":"https:\/\/www.messinaoggi.it\/website\/wp-json\/wp\/v2\/posts\/4786"}],"collection":[{"href":"https:\/\/www.messinaoggi.it\/website\/wp-json\/wp\/v2\/posts"}],"about":[{"href":"https:\/\/www.messinaoggi.it\/website\/wp-json\/wp\/v2\/types\/post"}],"author":[{"embeddable":true,"href":"https:\/\/www.messinaoggi.it\/website\/wp-json\/wp\/v2\/users\/5"}],"replies":[{"embeddable":true,"href":"https:\/\/www.messinaoggi.it\/website\/wp-json\/wp\/v2\/comments?post=4786"}],"version-history":[{"count":0,"href":"https:\/\/www.messinaoggi.it\/website\/wp-json\/wp\/v2\/posts\/4786\/revisions"}],"wp:featuredmedia":[{"embeddable":true,"href":"https:\/\/www.messinaoggi.it\/website\/wp-json\/wp\/v2\/media\/4783"}],"wp:attachment":[{"href":"https:\/\/www.messinaoggi.it\/website\/wp-json\/wp\/v2\/media?parent=4786"}],"wp:term":[{"taxonomy":"category","embeddable":true,"href":"https:\/\/www.messinaoggi.it\/website\/wp-json\/wp\/v2\/categories?post=4786"},{"taxonomy":"post_tag","embeddable":true,"href":"https:\/\/www.messinaoggi.it\/website\/wp-json\/wp\/v2\/tags?post=4786"}],"curies":[{"name":"wp","href":"https:\/\/api.w.org\/{rel}","templated":true}]}}