{"id":47832,"date":"2020-10-09T22:33:07","date_gmt":"2020-10-09T20:33:07","guid":{"rendered":"https:\/\/www.messinaoggi.it\/website\/?p=47832"},"modified":"2020-10-09T22:33:07","modified_gmt":"2020-10-09T20:33:07","slug":"musumeci-la-sicilia-non-e-in-emergenza","status":"publish","type":"post","link":"https:\/\/www.messinaoggi.it\/website\/2020\/10\/09\/musumeci-la-sicilia-non-e-in-emergenza\/","title":{"rendered":"Musumeci: &quot;La Sicilia non \u00e8 in emergenza&quot;"},"content":{"rendered":"<p>&#8220;La Sicilia non \u00e8 in condizioni di emergenza&#8221;. Il presidente della Regione Nello Musumeci non \u00e8 d\u2019accordo con l\u2019analisi di Ranieri Guerra, vice direttore generale delle iniziative strategiche dell\u2019Oms: \u201cRispetto ad altre regioni d\u2019Italia \u2013 spiega il governatore \u2013 il Sud sta dimostrando di avere una rete ed una struttura sanitaria efficiente\u201d.<br \/>\n\u201cLa verit\u00e0 \u2013 spiega a Timeline su SkyTg24 \u2013 \u00e8 che \u00e8 scomparsa la paura in molta parte della nostra gente, soprattutto fra i giovani, e c\u2019\u00e8 una partecipazione delle forze dell\u2019ordine finora non particolarmente incisiva, un po\u2019 perch\u00e9 non hanno ricevuto precise disposizioni in questo senso un po\u2019 perch\u00e9 non hanno i numeri\u201d.<div id=\"div-gpt-ad-Messinaoggi.it-DSK-300x250-corpoart\" style=\"text-align:center;margin:0 auto;\"><\/div><\/p>\n<div id=\"videoincontent\" style=\"clear:both\";><\/div>","protected":false},"excerpt":{"rendered":"<p>&#8220;La Sicilia non \u00e8 in condizioni di emergenza&#8221;. Il presidente della Regione Nello Musumeci non \u00e8 d\u2019accordo con l\u2019analisi di Ranieri Guerra, vice direttore generale delle iniziative strategiche dell\u2019Oms: \u201cRispetto ad altre regioni d\u2019Italia \u2013 spiega il governatore \u2013 il Sud sta dimostrando di avere una rete ed una struttura sanitaria efficiente\u201d. \u201cLa verit\u00e0 \u2013 [&hellip;]<\/p>\n","protected":false},"author":4,"featured_media":43985,"comment_status":"closed","ping_status":"closed","sticky":false,"template":"","format":"standard","meta":{"ub_ctt_via":"","_mi_skip_tracking":false},"categories":[221],"tags":[],"featured_image_src":"https:\/\/www.messinaoggi.it\/website\/wp-content\/uploads\/2020\/05\/NelloMusumeci_serio_fg.jpg","author_info":{"display_name":"redme","author_link":"https:\/\/www.messinaoggi.it\/website\/author\/redme\/"},"digistream_id":0,"digistream":false,"_links":{"self":[{"href":"https:\/\/www.messinaoggi.it\/website\/wp-json\/wp\/v2\/posts\/47832"}],"collection":[{"href":"https:\/\/www.messinaoggi.it\/website\/wp-json\/wp\/v2\/posts"}],"about":[{"href":"https:\/\/www.messinaoggi.it\/website\/wp-json\/wp\/v2\/types\/post"}],"author":[{"embeddable":true,"href":"https:\/\/www.messinaoggi.it\/website\/wp-json\/wp\/v2\/users\/4"}],"replies":[{"embeddable":true,"href":"https:\/\/www.messinaoggi.it\/website\/wp-json\/wp\/v2\/comments?post=47832"}],"version-history":[{"count":0,"href":"https:\/\/www.messinaoggi.it\/website\/wp-json\/wp\/v2\/posts\/47832\/revisions"}],"wp:featuredmedia":[{"embeddable":true,"href":"https:\/\/www.messinaoggi.it\/website\/wp-json\/wp\/v2\/media\/43985"}],"wp:attachment":[{"href":"https:\/\/www.messinaoggi.it\/website\/wp-json\/wp\/v2\/media?parent=47832"}],"wp:term":[{"taxonomy":"category","embeddable":true,"href":"https:\/\/www.messinaoggi.it\/website\/wp-json\/wp\/v2\/categories?post=47832"},{"taxonomy":"post_tag","embeddable":true,"href":"https:\/\/www.messinaoggi.it\/website\/wp-json\/wp\/v2\/tags?post=47832"}],"curies":[{"name":"wp","href":"https:\/\/api.w.org\/{rel}","templated":true}]}}