{"id":47811,"date":"2020-10-09T10:24:08","date_gmt":"2020-10-09T08:24:08","guid":{"rendered":"https:\/\/www.messinaoggi.it\/website\/?p=47811"},"modified":"2020-10-09T10:24:08","modified_gmt":"2020-10-09T08:24:08","slug":"gioveni-a-quando-lavvio-dei-tirocini-di-inclusione","status":"publish","type":"post","link":"https:\/\/www.messinaoggi.it\/website\/2020\/10\/09\/gioveni-a-quando-lavvio-dei-tirocini-di-inclusione\/","title":{"rendered":"Gioveni: &quot;A quando l&#039;avvio dei tirocini di inclusione?&quot;"},"content":{"rendered":"<p>Quando inizieranno i tirocini di inclusione? Possiamo sintetizzare cos\u00ec un interrogativo avanzato dal capogruppo di Fratelli d\u2019Italia in Consiglio comunale, Libero Gioveni, all\u2019Amministrazione comunale. Il consigliere comunale rende infatti noto che l\u2019iniziativa in questione, per la quale erano stati destinati oltre 1 milione di euro e che dovrebbe coinvolgere 179 giovani, sembra essersi arenata, e pertanto ha chiesto maggiori chiarimenti sul perch\u00e9 i suddetti tirocini non siano stati ancora avviati.<br \/>\n\u201cSi trattava, &#8211; si legge nell\u2019interrogazione firmata da Gioveni &#8211; come \u00e8 noto, di dare la possibilit\u00e0 di inserimento a questi ragazzi in un percorso sociale che avrebbe permesso loro di usufruire per 10 mesi, percependo un reddito di 600 euro mensili per 20 ore settimanali, di un tirocinio formativo in aziende pubbliche, private o del terzo settore (raggruppate in una long list), alla fine del quale le stesse aziende avrebbero anche potuto valutare di stabilizzarli.<br \/>\n\u201cLa relativa graduatoria era stata pubblicata nello scorso mese di febbraio, con l\u2019obiettivo di avviare, al massimo entro il mese di maggio, i tirocini per questi ragazzi che avevano gi\u00e0 firmato il patto di servizio, fatto questo non avvenuto evidentemente per l\u2019avvento del lockdown e delle restrizioni Covid. Tuttavia, visto che le attivit\u00e0, seppur con delle ovvie limitazioni, hanno avuto una graduale ripresa proprio dal mese di maggio (quindi gi\u00e0 5 mesi!), sarebbe pi\u00f9 che importante a questo punto concretizzare il lungo lavoro svolto per questo interessante progetto di inclusione sociale.<br \/>\n\u201cPertanto, in virt\u00f9 di tutto quanto sopra esposto, il sottoscritto consigliere comunale interroga sindaco e assessori al ramo al fine di conoscere i motivi che ancora ostano all\u2019avvio dei 179 tirocini di inclusione; e quanto tempo ancora occorrer\u00e0 per dare seguito all\u2019importante percorso formativo rivolto a questi ragazzi grazie al quale potrebbero avere in futuro degli interessanti sbocchi occupazionali\u201d.<div id=\"div-gpt-ad-Messinaoggi.it-DSK-300x250-corpoart\" style=\"text-align:center;margin:0 auto;\"><\/div><\/p>\n<div id=\"videoincontent\" style=\"clear:both\";><\/div>","protected":false},"excerpt":{"rendered":"<p>Quando inizieranno i tirocini di inclusione? Possiamo sintetizzare cos\u00ec un interrogativo avanzato dal capogruppo di Fratelli d\u2019Italia in Consiglio comunale, Libero Gioveni, all\u2019Amministrazione comunale. Il consigliere comunale rende infatti noto che l\u2019iniziativa in questione, per la quale erano stati destinati oltre 1 milione di euro e che dovrebbe coinvolgere 179 giovani, sembra essersi arenata, e [&hellip;]<\/p>\n","protected":false},"author":8,"featured_media":28677,"comment_status":"closed","ping_status":"closed","sticky":false,"template":"","format":"standard","meta":{"ub_ctt_via":"","_mi_skip_tracking":false},"categories":[4],"tags":[],"featured_image_src":"https:\/\/www.messinaoggi.it\/website\/wp-content\/uploads\/2019\/01\/Libero-Gioveni.jpg","author_info":{"display_name":"red..me","author_link":"https:\/\/www.messinaoggi.it\/website\/author\/redstage\/"},"digistream_id":0,"digistream":false,"_links":{"self":[{"href":"https:\/\/www.messinaoggi.it\/website\/wp-json\/wp\/v2\/posts\/47811"}],"collection":[{"href":"https:\/\/www.messinaoggi.it\/website\/wp-json\/wp\/v2\/posts"}],"about":[{"href":"https:\/\/www.messinaoggi.it\/website\/wp-json\/wp\/v2\/types\/post"}],"author":[{"embeddable":true,"href":"https:\/\/www.messinaoggi.it\/website\/wp-json\/wp\/v2\/users\/8"}],"replies":[{"embeddable":true,"href":"https:\/\/www.messinaoggi.it\/website\/wp-json\/wp\/v2\/comments?post=47811"}],"version-history":[{"count":0,"href":"https:\/\/www.messinaoggi.it\/website\/wp-json\/wp\/v2\/posts\/47811\/revisions"}],"wp:featuredmedia":[{"embeddable":true,"href":"https:\/\/www.messinaoggi.it\/website\/wp-json\/wp\/v2\/media\/28677"}],"wp:attachment":[{"href":"https:\/\/www.messinaoggi.it\/website\/wp-json\/wp\/v2\/media?parent=47811"}],"wp:term":[{"taxonomy":"category","embeddable":true,"href":"https:\/\/www.messinaoggi.it\/website\/wp-json\/wp\/v2\/categories?post=47811"},{"taxonomy":"post_tag","embeddable":true,"href":"https:\/\/www.messinaoggi.it\/website\/wp-json\/wp\/v2\/tags?post=47811"}],"curies":[{"name":"wp","href":"https:\/\/api.w.org\/{rel}","templated":true}]}}