{"id":47798,"date":"2020-10-08T16:37:50","date_gmt":"2020-10-08T14:37:50","guid":{"rendered":"https:\/\/www.messinaoggi.it\/website\/?p=47798"},"modified":"2020-10-08T16:37:50","modified_gmt":"2020-10-08T14:37:50","slug":"covid-19-lasp-rafforza-le-unita-speciali-di-ambito","status":"publish","type":"post","link":"https:\/\/www.messinaoggi.it\/website\/2020\/10\/08\/covid-19-lasp-rafforza-le-unita-speciali-di-ambito\/","title":{"rendered":"Covid 19, l&#039;Asp rafforza le Unit\u00e0 speciali di ambito"},"content":{"rendered":"<div>Preso atto dell&#8217;aumento dei contagi da infezione SarS-CoV2\u00a0 l&#8217;Asp di Messina ha aumentato il numero delle Unit\u00e0 speciali di continuit\u00e0 assistenziali (Usca) ai sensi della nota assessoriale n\u00b0 4 1168 del 24\/09\/2020 e della successiva nota aziendale n\u00b0 1111901\u00a0 del 1\/10\/20, con la trasformazione delle quattro unit\u00e0 turistiche in Unit\u00e0 speciali di ambito, portando il totale del numero a tredici Unit\u00e0 in tutta la provincia.<\/div>\n<div><\/div>\n<div><span style=\"color: #000000; font-family: georgia, serif; font-size: 16px; font-style: normal; font-variant-ligatures: normal; font-variant-caps: normal; font-weight: 400; letter-spacing: normal; orphans: 2; text-align: start; text-indent: 0px; text-transform: none; white-space: normal; widows: 2; word-spacing: 0px; -webkit-text-stroke-width: 0px; background-color: #ffffff; text-decoration-style: initial; text-decoration-color: initial; display: inline !important; float: none;\">Le 13 Usca sono dotate di macchina con autista per raggiungere i soggetti positivi al loro domicilio e sono composte da medico, infermiere e operatore socio-sanitario; svolgeranno la loro attivit\u00e0 dalle ore 08-20 sette giorni settimanali su sette.<\/span><\/div>\n<div id=\"div-gpt-ad-Messinaoggi.it-DSK-300x250-corpoart\" style=\"text-align:center;margin:0 auto;\"><\/div><\/p><div id=\"videoincontent\" style=\"clear:both\";><\/div>","protected":false},"excerpt":{"rendered":"<p>Preso atto dell&#8217;aumento dei contagi da infezione SarS-CoV2\u00a0 l&#8217;Asp di Messina ha aumentato il numero delle Unit\u00e0 speciali di continuit\u00e0 assistenziali (Usca) ai sensi della nota assessoriale n\u00b0 4 1168 del 24\/09\/2020 e della successiva nota aziendale n\u00b0 1111901\u00a0 del 1\/10\/20, con la trasformazione delle quattro unit\u00e0 turistiche in Unit\u00e0 speciali di ambito, portando il [&hellip;]<\/p>\n","protected":false},"author":4,"featured_media":2164,"comment_status":"closed","ping_status":"closed","sticky":false,"template":"","format":"standard","meta":{"ub_ctt_via":"","_mi_skip_tracking":false},"categories":[221],"tags":[],"featured_image_src":"https:\/\/www.messinaoggi.it\/website\/wp-content\/uploads\/2017\/06\/Asp-Messina-2.jpg","author_info":{"display_name":"redme","author_link":"https:\/\/www.messinaoggi.it\/website\/author\/redme\/"},"digistream_id":0,"digistream":false,"_links":{"self":[{"href":"https:\/\/www.messinaoggi.it\/website\/wp-json\/wp\/v2\/posts\/47798"}],"collection":[{"href":"https:\/\/www.messinaoggi.it\/website\/wp-json\/wp\/v2\/posts"}],"about":[{"href":"https:\/\/www.messinaoggi.it\/website\/wp-json\/wp\/v2\/types\/post"}],"author":[{"embeddable":true,"href":"https:\/\/www.messinaoggi.it\/website\/wp-json\/wp\/v2\/users\/4"}],"replies":[{"embeddable":true,"href":"https:\/\/www.messinaoggi.it\/website\/wp-json\/wp\/v2\/comments?post=47798"}],"version-history":[{"count":0,"href":"https:\/\/www.messinaoggi.it\/website\/wp-json\/wp\/v2\/posts\/47798\/revisions"}],"wp:featuredmedia":[{"embeddable":true,"href":"https:\/\/www.messinaoggi.it\/website\/wp-json\/wp\/v2\/media\/2164"}],"wp:attachment":[{"href":"https:\/\/www.messinaoggi.it\/website\/wp-json\/wp\/v2\/media?parent=47798"}],"wp:term":[{"taxonomy":"category","embeddable":true,"href":"https:\/\/www.messinaoggi.it\/website\/wp-json\/wp\/v2\/categories?post=47798"},{"taxonomy":"post_tag","embeddable":true,"href":"https:\/\/www.messinaoggi.it\/website\/wp-json\/wp\/v2\/tags?post=47798"}],"curies":[{"name":"wp","href":"https:\/\/api.w.org\/{rel}","templated":true}]}}