{"id":47794,"date":"2020-10-08T14:49:13","date_gmt":"2020-10-08T12:49:13","guid":{"rendered":"https:\/\/www.messinaoggi.it\/website\/?p=47794"},"modified":"2020-10-08T14:49:13","modified_gmt":"2020-10-08T12:49:13","slug":"la-dinasty-familiare-che-squaglia-la-lega-a-barcellona","status":"publish","type":"post","link":"https:\/\/www.messinaoggi.it\/website\/2020\/10\/08\/la-dinasty-familiare-che-squaglia-la-lega-a-barcellona\/","title":{"rendered":"La Dinasty familiare che squaglia la Lega a Barcellona"},"content":{"rendered":"<p>\u00c8 gi\u00e0 tempo di valutazioni post-voto ed un aspetto politico da non sottovalutare riguarda uno dei partiti pi\u00f9 &#8220;frizzanti&#8221; di questa tornata elettorale.<br \/>\nLa Lega non ha brillato alle comunali siciliane, ma nel quadro in chiaro scuro delle Amministrative spicca l\u20191% scarso raccolto dal Carroccio a Barcellona Pozzo di Gotto. Un cattivo risultato come altri se non fosse che il centro messinese \u00e8 il feudo elettorale del capogruppo leghista all\u2019Ars Antonio Catalfamo. Che cosa \u00e8 successo a Barcellona? Gli elettori hanno forse voltato le spalle al capogruppo Catalfamo?<br \/>\nAd un&#8217;attenta analisi del risultato elettorale non sembra proprio cos\u00ec dato che in una lista civica della medesima coalizione dove si trovava la Lega spicca il nome di Rosario Catalfamo che non \u00e8 un omonimo del capogruppo della Lega ma semplicemente il pap\u00e0. Un pap\u00e0 fortunato visto che \u00e8 stato candidato in una lista che ha raccolto tanti voti che gli hanno permesso di essere eletto al Consiglio comunale. Ci\u00f2 che lascia perplessi o quantomeno incuriosisce \u00e8 la strategia della famiglia Catalfamo che ha preferito rifugiarsi sotto le insegne della lista \u201cPrima il territorio\u201d invece di quelle leghiste. Vergogna per un simbolo?<br \/>\nFaide interne al Carroccio? Non \u00e8 dato saperlo, l\u2019unica cosa certa \u00e8 che se per la Lega vengono prima gli italiani a Barcellona viene prima la famiglia&#8230;<div id=\"div-gpt-ad-Messinaoggi.it-DSK-300x250-corpoart\" style=\"text-align:center;margin:0 auto;\"><\/div><\/p>\n<div id=\"videoincontent\" style=\"clear:both\";><\/div>","protected":false},"excerpt":{"rendered":"<p>\u00c8 gi\u00e0 tempo di valutazioni post-voto ed un aspetto politico da non sottovalutare riguarda uno dei partiti pi\u00f9 &#8220;frizzanti&#8221; di questa tornata elettorale. La Lega non ha brillato alle comunali siciliane, ma nel quadro in chiaro scuro delle Amministrative spicca l\u20191% scarso raccolto dal Carroccio a Barcellona Pozzo di Gotto. Un cattivo risultato come altri [&hellip;]<\/p>\n","protected":false},"author":4,"featured_media":47795,"comment_status":"closed","ping_status":"closed","sticky":false,"template":"","format":"standard","meta":{"ub_ctt_via":"","_mi_skip_tracking":false},"categories":[13,14],"tags":[],"featured_image_src":"https:\/\/www.messinaoggi.it\/website\/wp-content\/uploads\/2020\/10\/IMG-20201008-WA0005.jpg","author_info":{"display_name":"redme","author_link":"https:\/\/www.messinaoggi.it\/website\/author\/redme\/"},"digistream_id":0,"digistream":false,"_links":{"self":[{"href":"https:\/\/www.messinaoggi.it\/website\/wp-json\/wp\/v2\/posts\/47794"}],"collection":[{"href":"https:\/\/www.messinaoggi.it\/website\/wp-json\/wp\/v2\/posts"}],"about":[{"href":"https:\/\/www.messinaoggi.it\/website\/wp-json\/wp\/v2\/types\/post"}],"author":[{"embeddable":true,"href":"https:\/\/www.messinaoggi.it\/website\/wp-json\/wp\/v2\/users\/4"}],"replies":[{"embeddable":true,"href":"https:\/\/www.messinaoggi.it\/website\/wp-json\/wp\/v2\/comments?post=47794"}],"version-history":[{"count":0,"href":"https:\/\/www.messinaoggi.it\/website\/wp-json\/wp\/v2\/posts\/47794\/revisions"}],"wp:featuredmedia":[{"embeddable":true,"href":"https:\/\/www.messinaoggi.it\/website\/wp-json\/wp\/v2\/media\/47795"}],"wp:attachment":[{"href":"https:\/\/www.messinaoggi.it\/website\/wp-json\/wp\/v2\/media?parent=47794"}],"wp:term":[{"taxonomy":"category","embeddable":true,"href":"https:\/\/www.messinaoggi.it\/website\/wp-json\/wp\/v2\/categories?post=47794"},{"taxonomy":"post_tag","embeddable":true,"href":"https:\/\/www.messinaoggi.it\/website\/wp-json\/wp\/v2\/tags?post=47794"}],"curies":[{"name":"wp","href":"https:\/\/api.w.org\/{rel}","templated":true}]}}