{"id":47778,"date":"2020-10-08T09:00:56","date_gmt":"2020-10-08T07:00:56","guid":{"rendered":"https:\/\/www.messinaoggi.it\/website\/?p=47778"},"modified":"2020-10-08T09:00:56","modified_gmt":"2020-10-08T07:00:56","slug":"rally-team-phoenix-andrea-e-giuseppe-nucita-in-forma-per-il-53-rally-dellelba","status":"publish","type":"post","link":"https:\/\/www.messinaoggi.it\/website\/2020\/10\/08\/rally-team-phoenix-andrea-e-giuseppe-nucita-in-forma-per-il-53-rally-dellelba\/","title":{"rendered":"RALLY &#8211; Team Phoenix: Andrea e Giuseppe Nucita in forma per il 53\u00b0 Rally dell&#039;Elba"},"content":{"rendered":"<h6><em><strong>L&#8217;equipaggio messinese del Team Phoenix sulla Hyundai i20 R5 della Promo Racing Team, dopo uno strepitoso podio a San Martino di Castrozza, pronto ad aggredire la gara toscana terzo e penultimo round del Tricolore WRC 1<\/strong><\/em><\/h6>\n<p><strong>\u00a0<\/strong><div id=\"div-gpt-ad-Messinaoggi.it-DSK-300x250-corpoart\" style=\"text-align:center;margin:0 auto;\"><\/div><\/p>\n<p style=\"text-align: justify\">Andrea e Giuseppe Nucita si presentano alla 53\u00b0 edizione del Rally dell&#8217;Elba in gran forma e determinati nel proseguire sulla scia dell\u2019esaltante prova trentina di San Martino di Castrozza in cui si sono imposti tra le R5 restando a ridosso delle pi\u00f9 potenti World Rally Car.<div id=\"videoincontent\" style=\"clear:both\";><\/div><\/p>\n<p style=\"text-align: justify\">La Hyundai i20, preparata dalla Promo Racing Team e gommata Michelin, si \u00e8 rivelata perfetta e l&#8217;affiatamento fra i fratelli messinesi che contano sempre sugli accessori OMP Racing, ha permesso di ottenere il massimo risultato possibile.<\/p>\n<p style=\"text-align: justify\">Con questa brillante esperienza alle spalle, la coppia di Santa Teresa Riva affronter\u00e0 la trasferta all&#8217;isola d&#8217;Elba con forti possibilit\u00e0 in ottica campionato, malgrado la sfortunata gara di esordio li abbia costretti ad una caparbia. Una stagione tutta d&#8217;un fiato un p\u00f2 anomala, che in quanto tale potr\u00e0 riservare ulteriori grandi sorprese.<\/p>\n<div id=\"attachment_47781\" style=\"width: 472px\" class=\"wp-caption alignright\"><img aria-describedby=\"caption-attachment-47781\" loading=\"lazy\" class=\" wp-image-47781\" src=\"https:\/\/www.messinaoggi.it\/website\/wp-content\/uploads\/2020\/10\/nucitaok-300x200.jpg\" alt=\"\" width=\"462\" height=\"308\" \/><p id=\"caption-attachment-47781\" class=\"wp-caption-text\"><strong><em>Andrea e Giuseppe Nucita su Hyundai I20 R5<\/em><\/strong><\/p><\/div>\n<p style=\"text-align: justify\">\u00a0\u201cCertamente vivere una stagione concentrata in pochi mesi \u00e8 esaltante ma anche fonte di poche possibilit\u00e0 di recupero\u00a0&#8211; afferma\u00a0Andrea Nucita\u00a0&#8211;\u00a0<em>la professionalit\u00e0 della Promo Racing Team, il supporto dei tecnici Michelin ed un equipaggiamento perfetto messo a disposizione da OMP Racing,\u00a0 oltre al particolare affiatamento tra Giuseppe e me, offrono il massimo potenziale per poter recuperare il terreno perso. Il CIR WRC \u00e8 un eccellente campionato messo a punto dalla Commissione Rally, dove la concorrenza \u00e8 decisamente di alto livello ed il Rallye Elba \u00e8 bello ma molto selettivo. Sar\u00e0 un fine settimana ad alta pressione\u201d<\/em>.<\/p>\n<p style=\"text-align: justify\">Il programma del 53\u00b0 Rally dell&#8217;Elba prevede la disputa dello shakedown nel mattinata di venerd\u00ec 9 Ottobre su un tratto di km 2,7 della SP 32 del Volterraio.\u00a0 La partenza avr\u00e0 luogo alle 17,00 come sempre da Portoferraio. Tre I tratti cronometrati, la \u201cVolterraio-Cavo\u201d lunga (Km. 27,070), la \u201cNisporto-Cavo\u201d di Km. 14,190 e per finire la giornata di nuovo sulla \u201cVolterraio\u201d, stavolta corta, di 5,690 chilometri.<\/p>\n<p style=\"text-align: justify\">Termine della prima giornata alle 22,30. L&#8217;indomani, sabato 10 ottobre, lo start \u00e8 fissato alle ore 8,00.\u00a0 Sono in programma altre 3 PS: la \u201cDue Mari\u201d di Km 22,430, la \u201cLavacchio-San Piero di km. 14,22) e per e la storica\u00a0 \u201cMonte Perone\u201ddi Km. 9,2609. L&#8217;arrivo \u00e8\u00a0 previsto alle 16,30.<\/p>\n<p style=\"text-align: justify\">Sulle prove speciali e al parco assistenza non sar\u00e0 ammesso il pubblico secondo il protocollo governativo vigente a causa dell&#8217;emergenza Covid -19, ma la manifestazione potr\u00e0 godere di una valida copertura mediatica attraverso i canali ACI Sport.<\/p>\n","protected":false},"excerpt":{"rendered":"<p>L&#8217;equipaggio messinese del Team Phoenix sulla Hyundai i20 R5 della Promo Racing Team, dopo uno strepitoso podio a San Martino di Castrozza, pronto ad aggredire la gara toscana terzo e penultimo round del Tricolore WRC 1 \u00a0 Andrea e Giuseppe Nucita si presentano alla 53\u00b0 edizione del Rally dell&#8217;Elba in gran forma e determinati nel [&hellip;]<\/p>\n","protected":false},"author":17,"featured_media":47780,"comment_status":"closed","ping_status":"closed","sticky":false,"template":"","format":"standard","meta":{"ub_ctt_via":"","_mi_skip_tracking":false},"categories":[8,9],"tags":[370,371],"featured_image_src":"https:\/\/www.messinaoggi.it\/website\/wp-content\/uploads\/2020\/10\/nucita_xx-scaled-1.jpg","author_info":{"display_name":"Giuseppe Luppino","author_link":"https:\/\/www.messinaoggi.it\/website\/author\/g-luppino\/"},"digistream_id":0,"digistream":false,"_links":{"self":[{"href":"https:\/\/www.messinaoggi.it\/website\/wp-json\/wp\/v2\/posts\/47778"}],"collection":[{"href":"https:\/\/www.messinaoggi.it\/website\/wp-json\/wp\/v2\/posts"}],"about":[{"href":"https:\/\/www.messinaoggi.it\/website\/wp-json\/wp\/v2\/types\/post"}],"author":[{"embeddable":true,"href":"https:\/\/www.messinaoggi.it\/website\/wp-json\/wp\/v2\/users\/17"}],"replies":[{"embeddable":true,"href":"https:\/\/www.messinaoggi.it\/website\/wp-json\/wp\/v2\/comments?post=47778"}],"version-history":[{"count":0,"href":"https:\/\/www.messinaoggi.it\/website\/wp-json\/wp\/v2\/posts\/47778\/revisions"}],"wp:featuredmedia":[{"embeddable":true,"href":"https:\/\/www.messinaoggi.it\/website\/wp-json\/wp\/v2\/media\/47780"}],"wp:attachment":[{"href":"https:\/\/www.messinaoggi.it\/website\/wp-json\/wp\/v2\/media?parent=47778"}],"wp:term":[{"taxonomy":"category","embeddable":true,"href":"https:\/\/www.messinaoggi.it\/website\/wp-json\/wp\/v2\/categories?post=47778"},{"taxonomy":"post_tag","embeddable":true,"href":"https:\/\/www.messinaoggi.it\/website\/wp-json\/wp\/v2\/tags?post=47778"}],"curies":[{"name":"wp","href":"https:\/\/api.w.org\/{rel}","templated":true}]}}