{"id":4773,"date":"2017-07-14T10:59:33","date_gmt":"2017-07-14T08:59:33","guid":{"rendered":"http:\/\/www.messinaoggi.it\/website\/?p=4773"},"modified":"2017-07-14T10:59:33","modified_gmt":"2017-07-14T08:59:33","slug":"acqua-gioveni-tratto-tono-mortelle-come-terzo-mondo-serve-urgente-intervento","status":"publish","type":"post","link":"https:\/\/www.messinaoggi.it\/website\/2017\/07\/14\/acqua-gioveni-tratto-tono-mortelle-come-terzo-mondo-serve-urgente-intervento\/","title":{"rendered":"Acqua, Gioveni: \u201cTratto Tono-Mortelle come terzo mondo. Serve urgente intervento\u201d"},"content":{"rendered":"<p style=\"text-align: justify\">\u201c<span style=\"font-family: Verdana, sans-serif\">Ci si scandalizza, direi anche giustamente, che in questi giorni l\u2019Amam abbia disposto la distribuzione idrica oraria in gran parte della citt\u00e0 per una miglior<br \/>\ne redistribuzione del prezioso liquido, ma cosa dovrebbero dire allora quelle famiglie messinesi che l\u2019acqua invece non l\u2019hanno <b>mai avuta<\/b> al pari del terzo mondo\u201d. \u00c8 il j&#8217;accuse lanciato dal consigliere comunale Libero Gioveni contro la societ\u00e0 per la gestione del servizio idrico AMAM.<\/span><div id=\"div-gpt-ad-Messinaoggi.it-DSK-300x250-corpoart\" style=\"text-align:center;margin:0 auto;\"><\/div><\/p>\n<p style=\"text-align: justify\">\u201c<span style=\"font-family: Verdana, sans-serif\">Si tratta \u2013 prosegue Gioveni \u2013 di tutte quelle famiglie residenti a ridosso della S.S. 113 nel tratto compreso fra Tono e Mortelle dove gi\u00e0 da almeno 4 anni erano in corso i lavori di costruzione e posa di una nuova condotta idrica che sarebbe dovuta servire e agganciare tantissime nuove utenze che da decenni prelevano acqua non potabile grazie a delle trivelle e che, per altro, disponendo queste famiglie di pozzi neri, sono sprovviste anche di una regolare rete fognaria!<\/span><div id=\"videoincontent\" style=\"clear:both\";><\/div><\/p>\n<p style=\"text-align: justify\"><span style=\"font-family: Verdana, sans-serif\">Il progetto redatto nell&#8217;anno 2005 e subito inserito nel piano triennale delle opere pubbliche i cui costi sono poi lievitati a 2 milioni e 800 mila euro, aveva<br \/>\ngi\u00e0 prodotto la posa della rete gi\u00e0 a partire dal Km. 14,835 ma che si \u00e8 fermata gi\u00e0 da tempo in corrispondenza del Km. 13,000 circa, all&#8217;altezza pi\u00f9 o meno del lido Spiaggia d&#8217;oro\u201d.<\/span><\/p>\n<p style=\"text-align: justify\">\u201c<span style=\"font-family: Verdana, sans-serif\">Ma, nonostante il fermo dei lavori \u2013 evidenzia Gioveni \u2013 a cui sarebbe importante dare una spiegazione, in passato vi era stato l&#8217;impegno della societ\u00e0, in attesa di completare tutto il tratto del progetto Tono-Mortelle, di iniziare la distribuzione dell&#8217;acqua nel tratto gi\u00e0 completato, a fronte del ricambiato impegno, gi\u00e0 assunto da parte delle famiglie interessate che avevano presentato regolare istanza, di stipulare i contratti per l&#8217;allaccio alle colonnine per le quali era giunta persino l&#8217;autorizzazione dell&#8217;ANAS proprietaria della strada!<\/span><\/p>\n<p style=\"text-align: justify\"><span style=\"font-family: Verdana, sans-serif\">Tra l\u2019altro della questione avevo personalmente informato in sede di Commissione lavori pubblici anche il neo Direttore Generale della societ\u00e0 Claudio Cipollini, il quale si era anche assunto l\u2019impegno di ricevere una delegazione di queste famiglie per spiegare loro i passaggi ancora da compiere, ma ad oggi tutto tace!<br \/>\nIntanto, per\u00f2, urge conoscere i tempi per la tanto auspicata attivazione della nuova condotta idrica fra Tono e Mortelle\u201d.<br \/>\n<\/span><\/p>\n<p style=\"text-align: justify\">\u201c<span style=\"font-family: Verdana, sans-serif\">Pertanto \u2013 conclude il consigliere comunale \u2013 proseguendo ancora con questo stato di cose, di certo le spiegazioni per questo immobilismo e per questo ennesimo esempio di sperpero di denaro pubblico, dovranno essere date non solo in aula consiliare, ma anche in ben altre sedi!\u201d.<\/span><\/p>\n","protected":false},"excerpt":{"rendered":"<p>\u201cCi si scandalizza, direi anche giustamente, che in questi giorni l\u2019Amam abbia disposto la distribuzione idrica oraria in gran parte della citt\u00e0 per una miglior e redistribuzione del prezioso liquido, ma cosa dovrebbero dire allora quelle famiglie messinesi che l\u2019acqua invece non l\u2019hanno mai avuta al pari del terzo mondo\u201d. \u00c8 il j&#8217;accuse lanciato dal [&hellip;]<\/p>\n","protected":false},"author":10,"featured_media":1876,"comment_status":"closed","ping_status":"open","sticky":false,"template":"","format":"standard","meta":{"ub_ctt_via":"","_mi_skip_tracking":false},"categories":[4],"tags":[],"featured_image_src":"https:\/\/www.messinaoggi.it\/website\/wp-content\/uploads\/2017\/06\/Gioveni-LIbero-2.jpg","author_info":{"display_name":"Paolo Mustica","author_link":"https:\/\/www.messinaoggi.it\/website\/author\/p-mustica\/"},"digistream_id":0,"digistream":false,"_links":{"self":[{"href":"https:\/\/www.messinaoggi.it\/website\/wp-json\/wp\/v2\/posts\/4773"}],"collection":[{"href":"https:\/\/www.messinaoggi.it\/website\/wp-json\/wp\/v2\/posts"}],"about":[{"href":"https:\/\/www.messinaoggi.it\/website\/wp-json\/wp\/v2\/types\/post"}],"author":[{"embeddable":true,"href":"https:\/\/www.messinaoggi.it\/website\/wp-json\/wp\/v2\/users\/10"}],"replies":[{"embeddable":true,"href":"https:\/\/www.messinaoggi.it\/website\/wp-json\/wp\/v2\/comments?post=4773"}],"version-history":[{"count":0,"href":"https:\/\/www.messinaoggi.it\/website\/wp-json\/wp\/v2\/posts\/4773\/revisions"}],"wp:featuredmedia":[{"embeddable":true,"href":"https:\/\/www.messinaoggi.it\/website\/wp-json\/wp\/v2\/media\/1876"}],"wp:attachment":[{"href":"https:\/\/www.messinaoggi.it\/website\/wp-json\/wp\/v2\/media?parent=4773"}],"wp:term":[{"taxonomy":"category","embeddable":true,"href":"https:\/\/www.messinaoggi.it\/website\/wp-json\/wp\/v2\/categories?post=4773"},{"taxonomy":"post_tag","embeddable":true,"href":"https:\/\/www.messinaoggi.it\/website\/wp-json\/wp\/v2\/tags?post=4773"}],"curies":[{"name":"wp","href":"https:\/\/api.w.org\/{rel}","templated":true}]}}