{"id":47729,"date":"2020-10-05T21:09:31","date_gmt":"2020-10-05T19:09:31","guid":{"rendered":"https:\/\/www.messinaoggi.it\/website\/?p=47729"},"modified":"2020-10-05T21:09:31","modified_gmt":"2020-10-05T19:09:31","slug":"ciclismo-103-giro-ditalia-la-provincia-di-messina-pronta-ad-accogliere-il-campione-nibali","status":"publish","type":"post","link":"https:\/\/www.messinaoggi.it\/website\/2020\/10\/05\/ciclismo-103-giro-ditalia-la-provincia-di-messina-pronta-ad-accogliere-il-campione-nibali\/","title":{"rendered":"CICLISMO 103\u00b0 GIRO D&#039;ITALIA &#8211; La provincia di Messina pronta ad accogliere il campione Nibali"},"content":{"rendered":"<h6><em><strong>Con un comunicato indirizzato agli organi di stampa, la Prefettura di Messina ha definito i provvedimenti sulla circolazione e sulla sicurezza<\/strong><\/em><\/h6>\n<p> <div id=\"div-gpt-ad-Messinaoggi.it-DSK-300x250-corpoart\" style=\"text-align:center;margin:0 auto;\"><\/div><\/p>\n<p style=\"text-align: justify\">Domani prender\u00e0 il via la 4^ tappa del 103\u00b0 Giro D&#8217;Italia e del 2\u00b0 Giro E-bike, competizioni ciclistiche autorizzate con provvedimenti dell&#8217;Assessorato delle Infrastrutture, della Mobilit\u00e0 e dei Trasporti della Regione Siciliana e della Citt\u00e0 Metropolitana di Messina.<div id=\"videoincontent\" style=\"clear:both\";><\/div><\/p>\n<p style=\"text-align: justify\">Per il giro E-bike \u00e8 prevista la partenza alle ore 10:30, da localit\u00e0 Giardini Naxos, con arrivo stimato alle ore 14:30 a Villafranca Tirrena. La quarta tappa del Giro D&#8217;Italia partir\u00e0 alle ore 12:15 dal capoluogo etneo con arrivo a Villafranca Tirrena alle 15:40 circa; ed il relativo percorso coincider\u00e0 con quello precedente E-bike, da Giardini Naxos in poi.<\/p>\n<p style=\"text-align: justify\">Molti i comuni della provincia di Messina interessati dal passaggio delle due competizioni: Giardini Naxos, Taormina, Gaggi, Graniti, Motta Camastra, Francavilla di Sicilia, Novara di Sicilia, Tripi, Mazzar\u00e0 Sant&#8217;Andrea, Rod\u00ec Milici, Terme Vigliatore, Barcellona Pozzo di Gotto, Mer\u00ec, Milazzo, San Filippo del Mela, Pace del Mela, San Pier Niceto, Monforte San Giorgio, Torregrotta, Valdina, Venetico, Spadafora, Rometta, Saponara e Villafranca Tirrena.<\/p>\n<p style=\"text-align: justify\">Il Comitato provinciale per l&#8217;Ordine e la Sicurezza Pubblica, unitamente ai Sindaci dei comuni interessati dalle competizioni ed alla Questura di Messina, hanno valutato gli aspetti di safety e security inerenti l&#8217;evento sportivo.<\/p>\n<p style=\"text-align: justify\">E&#8217; stata stabilita la sospensione temporanea della circolazione lungo le strade urbane ed extraurbane interessate dalle due competizioni. La durata del blocco della circolazione sar\u00e0 strettamente limitata al transito dei concorrenti in gara, che dovr\u00e0 ritenersi concluso in seguito al passaggio, successivo al transito della carovana, della vettura recante il cartello &#8220;fine gara ciclistica&#8221;.<\/p>\n","protected":false},"excerpt":{"rendered":"<p>Con un comunicato indirizzato agli organi di stampa, la Prefettura di Messina ha definito i provvedimenti sulla circolazione e sulla sicurezza Domani prender\u00e0 il via la 4^ tappa del 103\u00b0 Giro D&#8217;Italia e del 2\u00b0 Giro E-bike, competizioni ciclistiche autorizzate con provvedimenti dell&#8217;Assessorato delle Infrastrutture, della Mobilit\u00e0 e dei Trasporti della Regione Siciliana e della [&hellip;]<\/p>\n","protected":false},"author":17,"featured_media":47730,"comment_status":"closed","ping_status":"closed","sticky":false,"template":"","format":"standard","meta":{"ub_ctt_via":"","_mi_skip_tracking":false},"categories":[8,9],"tags":[365,366],"featured_image_src":"https:\/\/www.messinaoggi.it\/website\/wp-content\/uploads\/2020\/10\/nibali-trek.jpg","author_info":{"display_name":"Giuseppe Luppino","author_link":"https:\/\/www.messinaoggi.it\/website\/author\/g-luppino\/"},"digistream_id":0,"digistream":false,"_links":{"self":[{"href":"https:\/\/www.messinaoggi.it\/website\/wp-json\/wp\/v2\/posts\/47729"}],"collection":[{"href":"https:\/\/www.messinaoggi.it\/website\/wp-json\/wp\/v2\/posts"}],"about":[{"href":"https:\/\/www.messinaoggi.it\/website\/wp-json\/wp\/v2\/types\/post"}],"author":[{"embeddable":true,"href":"https:\/\/www.messinaoggi.it\/website\/wp-json\/wp\/v2\/users\/17"}],"replies":[{"embeddable":true,"href":"https:\/\/www.messinaoggi.it\/website\/wp-json\/wp\/v2\/comments?post=47729"}],"version-history":[{"count":0,"href":"https:\/\/www.messinaoggi.it\/website\/wp-json\/wp\/v2\/posts\/47729\/revisions"}],"wp:featuredmedia":[{"embeddable":true,"href":"https:\/\/www.messinaoggi.it\/website\/wp-json\/wp\/v2\/media\/47730"}],"wp:attachment":[{"href":"https:\/\/www.messinaoggi.it\/website\/wp-json\/wp\/v2\/media?parent=47729"}],"wp:term":[{"taxonomy":"category","embeddable":true,"href":"https:\/\/www.messinaoggi.it\/website\/wp-json\/wp\/v2\/categories?post=47729"},{"taxonomy":"post_tag","embeddable":true,"href":"https:\/\/www.messinaoggi.it\/website\/wp-json\/wp\/v2\/tags?post=47729"}],"curies":[{"name":"wp","href":"https:\/\/api.w.org\/{rel}","templated":true}]}}