{"id":47694,"date":"2020-10-03T10:39:07","date_gmt":"2020-10-03T08:39:07","guid":{"rendered":"https:\/\/www.messinaoggi.it\/website\/?p=47694"},"modified":"2020-10-03T10:39:07","modified_gmt":"2020-10-03T08:39:07","slug":"lo-investe-e-scappa-47enne-finisce-in-manette","status":"publish","type":"post","link":"https:\/\/www.messinaoggi.it\/website\/2020\/10\/03\/lo-investe-e-scappa-47enne-finisce-in-manette\/","title":{"rendered":"Lo investe e scappa: 47enne finisce in manette"},"content":{"rendered":"<p>Lo investe e si d\u00e0 alla macchia. \u00c8 questo il motivo per cui \u00e8 stato tratto in arresto un 47enne di Mirto (P.S. le sue iniziali), che pertanto \u00e8 ritenuto responsabile dei reati di omissione di soccorso e fuga a seguito di incidente stradale con feriti.<br \/>\nNella tarda serata di gioved\u00ec scorso i carabinieri di Capo d\u2019Orlando sono intervenuti in via Consolare Antica a seguito di un incidente stradale tra un ciclomotore ed un motociclo. I militari hanno appurato che il conducente del motociclo si era dato alla fuga, omettendo di prestare soccorso al conducente del ciclomotore che, in conseguenza dell\u2019impatto, era caduto in terra riportando diverse fratture alla gamba e al piede sinistro, cos\u00ec come emerso dagli esami medici cui \u00e8 stato sottoposto dai sanitari del pronto soccorso dell\u2019ospedale di Sant\u2019Agata di Militello.<br \/>\nGli accertamenti svolti sul posto hanno consentito ai carabinieri di identificare in breve tempo il conducente del motociclo e di avviare le sue ricerche, rintracciando l\u2019uomo poco dopo presso la sua abitazione nel comune di Mirto. Il 47enne \u00e8 stato pertanto arrestato. I veicoli coinvolti nell\u2019incidente sono stati sottoposti a sequestro per gli ulteriori accertamenti volti a ricostruire la dinamica dei fatti.<br \/>\nDopo le formalit\u00e0 di rito, l\u2019arrestato \u00e8 stato condotto presso il proprio domicilio in regime di arresti domiciliari, cos\u00ec come disposto dal Pubblico ministero della Procura della Repubblica di Patti di Turno, dottor Alessandro Lia, in attesa di comparire davanti al giudice per la celebrazione dell\u2019udienza di convalida dell\u2019arresto.<div id=\"div-gpt-ad-Messinaoggi.it-DSK-300x250-corpoart\" style=\"text-align:center;margin:0 auto;\"><\/div><\/p>\n<div id=\"videoincontent\" style=\"clear:both\";><\/div>","protected":false},"excerpt":{"rendered":"<p>Lo investe e si d\u00e0 alla macchia. \u00c8 questo il motivo per cui \u00e8 stato tratto in arresto un 47enne di Mirto (P.S. le sue iniziali), che pertanto \u00e8 ritenuto responsabile dei reati di omissione di soccorso e fuga a seguito di incidente stradale con feriti. Nella tarda serata di gioved\u00ec scorso i carabinieri di [&hellip;]<\/p>\n","protected":false},"author":8,"featured_media":39074,"comment_status":"closed","ping_status":"closed","sticky":false,"template":"","format":"standard","meta":{"ub_ctt_via":"","_mi_skip_tracking":false},"categories":[13,14],"tags":[],"featured_image_src":"https:\/\/www.messinaoggi.it\/website\/wp-content\/uploads\/2019\/12\/Carabinieri-CApo-dOrlando.jpg","author_info":{"display_name":"red..me","author_link":"https:\/\/www.messinaoggi.it\/website\/author\/redstage\/"},"digistream_id":0,"digistream":false,"_links":{"self":[{"href":"https:\/\/www.messinaoggi.it\/website\/wp-json\/wp\/v2\/posts\/47694"}],"collection":[{"href":"https:\/\/www.messinaoggi.it\/website\/wp-json\/wp\/v2\/posts"}],"about":[{"href":"https:\/\/www.messinaoggi.it\/website\/wp-json\/wp\/v2\/types\/post"}],"author":[{"embeddable":true,"href":"https:\/\/www.messinaoggi.it\/website\/wp-json\/wp\/v2\/users\/8"}],"replies":[{"embeddable":true,"href":"https:\/\/www.messinaoggi.it\/website\/wp-json\/wp\/v2\/comments?post=47694"}],"version-history":[{"count":0,"href":"https:\/\/www.messinaoggi.it\/website\/wp-json\/wp\/v2\/posts\/47694\/revisions"}],"wp:featuredmedia":[{"embeddable":true,"href":"https:\/\/www.messinaoggi.it\/website\/wp-json\/wp\/v2\/media\/39074"}],"wp:attachment":[{"href":"https:\/\/www.messinaoggi.it\/website\/wp-json\/wp\/v2\/media?parent=47694"}],"wp:term":[{"taxonomy":"category","embeddable":true,"href":"https:\/\/www.messinaoggi.it\/website\/wp-json\/wp\/v2\/categories?post=47694"},{"taxonomy":"post_tag","embeddable":true,"href":"https:\/\/www.messinaoggi.it\/website\/wp-json\/wp\/v2\/tags?post=47694"}],"curies":[{"name":"wp","href":"https:\/\/api.w.org\/{rel}","templated":true}]}}