{"id":47667,"date":"2020-10-02T10:06:57","date_gmt":"2020-10-02T08:06:57","guid":{"rendered":"https:\/\/www.messinaoggi.it\/website\/?p=47667"},"modified":"2020-10-02T10:06:57","modified_gmt":"2020-10-02T08:06:57","slug":"mobilita-alloggi-popolari-gioveni-a-quando-un-bando","status":"publish","type":"post","link":"https:\/\/www.messinaoggi.it\/website\/2020\/10\/02\/mobilita-alloggi-popolari-gioveni-a-quando-un-bando\/","title":{"rendered":"Mobilit\u00e0 alloggi popolari, Gioveni: &quot;A quando un bando?&quot;"},"content":{"rendered":"<p>\u201cSi vari uno specifico bando per la mobilit\u00e0 negli alloggi popolari per tutte quelle famiglie le cui esigenze iniziali all\u2019atto dell\u2019assegnazione dell\u2019alloggio siano mutate nel tempo\u201d. \u00c8 quanto chiede all&#8217;Amministrazione comunale il neo capogruppo di Fratelli d\u2019Italia in Consiglio Comunale Libero Gioveni.<br \/>\n&#8220;Ho sempre sostenuto e rappresentato negli anni \u2013 spiega Gioveni \u2013 la reale esigenza di parecchie famiglie che, gi\u00e0 assegnatarie di alloggi popolari, si ritrovano ad affrontare diversi disagi di natura abitativa per mancata corrispondenza dell\u2019alloggio destinato alle necessit\u00e0 personali e familiari. Le cause di questi disagi sono molteplici e si riconducono principalmente in: 1) situazioni di sovraffollamento o sottoutilizzazione rispetto allo standard abitativo; 2) inidoneit\u00e0 oggettiva dell\u2019alloggio occupato, che non garantisce condizioni di vita e di salute appropriate per la presenza, nel nucleo familiare, di componenti anziani, di portatori di handicap, o di persone comunque affette da gravi disturbi prevalentemente di natura motoria; 3) esigenze di avvicinamento al luogo di lavoro, o di cura e assistenza qualora si tratti di anziani o persone diversamente abili; 4) ulteriori motivazioni di rilevante gravit\u00e0.<br \/>\n&#8220;Ritengo fondamentale, quasi al pari del bando per l\u2019assegnazione di alloggi dal quale i primi 25 nuclei dei 51 complessivi della graduatoria attendono ancora le chiamate dal Dipartimento politiche della casa \u2500 sottolinea l\u2019esponente di FdI \u2500 in relazione alle suddette restrizioni e contesti o a un\u2019eventuale variazione dei requisiti originari, questo bando da parte dell\u2019Amministrazione che deve dare attenzione alle necessit\u00e0 di numerosi nuclei che nel corso del tempo hanno modificato le loro peculiarit\u00e0, cos\u00ec come avviene in molte altre citt\u00e0 italiane; bando che si dovrebbe basare su un programma di mobilit\u00e0 dell\u2019utenza in seno al proprio patrimonio edilizio disponibile, da effettuare sia attraverso il cambio degli alloggi assegnati, sia mediante l\u2019utilizzazione delle unit\u00e0 abitative resesi disponibili.<br \/>\n&#8220;\u00c8 evidente come tale programma \u2500 conclude Gioveni \u2500 dovr\u00e0 poi essere finalizzato alla stesura di una graduatoria formata dagli assegnatari aspiranti alla mobilit\u00e0, ai quali tuttavia, a mio avviso, si potrebbe continuare a mantenere l\u2019opzione (come per altro bonariamente si fa o si \u00e8 fatto in passato) per lo scambio consensuale di alloggi, qualora questo servisse a soddisfare tutte le esigenze messe in campo dagli inquilini interessati al &#8216;baratto&#8217;\u201d.<div id=\"div-gpt-ad-Messinaoggi.it-DSK-300x250-corpoart\" style=\"text-align:center;margin:0 auto;\"><\/div><\/p>\n<div id=\"videoincontent\" style=\"clear:both\";><\/div>","protected":false},"excerpt":{"rendered":"<p>\u201cSi vari uno specifico bando per la mobilit\u00e0 negli alloggi popolari per tutte quelle famiglie le cui esigenze iniziali all\u2019atto dell\u2019assegnazione dell\u2019alloggio siano mutate nel tempo\u201d. \u00c8 quanto chiede all&#8217;Amministrazione comunale il neo capogruppo di Fratelli d\u2019Italia in Consiglio Comunale Libero Gioveni. &#8220;Ho sempre sostenuto e rappresentato negli anni \u2013 spiega Gioveni \u2013 la reale [&hellip;]<\/p>\n","protected":false},"author":8,"featured_media":1876,"comment_status":"closed","ping_status":"closed","sticky":false,"template":"","format":"standard","meta":{"ub_ctt_via":"","_mi_skip_tracking":false},"categories":[4],"tags":[],"featured_image_src":"https:\/\/www.messinaoggi.it\/website\/wp-content\/uploads\/2017\/06\/Gioveni-LIbero-2.jpg","author_info":{"display_name":"red..me","author_link":"https:\/\/www.messinaoggi.it\/website\/author\/redstage\/"},"digistream_id":0,"digistream":false,"_links":{"self":[{"href":"https:\/\/www.messinaoggi.it\/website\/wp-json\/wp\/v2\/posts\/47667"}],"collection":[{"href":"https:\/\/www.messinaoggi.it\/website\/wp-json\/wp\/v2\/posts"}],"about":[{"href":"https:\/\/www.messinaoggi.it\/website\/wp-json\/wp\/v2\/types\/post"}],"author":[{"embeddable":true,"href":"https:\/\/www.messinaoggi.it\/website\/wp-json\/wp\/v2\/users\/8"}],"replies":[{"embeddable":true,"href":"https:\/\/www.messinaoggi.it\/website\/wp-json\/wp\/v2\/comments?post=47667"}],"version-history":[{"count":0,"href":"https:\/\/www.messinaoggi.it\/website\/wp-json\/wp\/v2\/posts\/47667\/revisions"}],"wp:featuredmedia":[{"embeddable":true,"href":"https:\/\/www.messinaoggi.it\/website\/wp-json\/wp\/v2\/media\/1876"}],"wp:attachment":[{"href":"https:\/\/www.messinaoggi.it\/website\/wp-json\/wp\/v2\/media?parent=47667"}],"wp:term":[{"taxonomy":"category","embeddable":true,"href":"https:\/\/www.messinaoggi.it\/website\/wp-json\/wp\/v2\/categories?post=47667"},{"taxonomy":"post_tag","embeddable":true,"href":"https:\/\/www.messinaoggi.it\/website\/wp-json\/wp\/v2\/tags?post=47667"}],"curies":[{"name":"wp","href":"https:\/\/api.w.org\/{rel}","templated":true}]}}