{"id":47657,"date":"2020-10-01T18:19:27","date_gmt":"2020-10-01T16:19:27","guid":{"rendered":"https:\/\/www.messinaoggi.it\/website\/?p=47657"},"modified":"2020-10-01T18:19:27","modified_gmt":"2020-10-01T16:19:27","slug":"operaio-morto-folgorato-uil-il-ministro-ponga-fine-a-questa-mattanza","status":"publish","type":"post","link":"https:\/\/www.messinaoggi.it\/website\/2020\/10\/01\/operaio-morto-folgorato-uil-il-ministro-ponga-fine-a-questa-mattanza\/","title":{"rendered":"Operaio morto folgorato, Uil: &quot;Il ministro ponga fine a questa mattanza&quot;"},"content":{"rendered":"<p>\u201cIl drammatico contatore delle vittime sul lavoro non si ferma ed aumenta senza sosta. La morte dell\u2019operaio 37enne Paolo Villareale, avvenuta a Caronia, pone con forza ed attualit\u00e0 il tema della sicurezza e delle tutele dei lavoratori&#8221;. Queste le parole del segretario generale della Uil Messina, Ivan Tripodi, dopo la morte di Paolo Villareale, operaio di 37 anni rimasto folgorato mentre stava eseguendo dei lavori su un traliccio dell\u2019alta tensione in contrada Buffi, a Caronia.<br \/>\n&#8220;Non si pu\u00f2 assolutamente perdere la vita a 37 anni lasciando nello strazio e nel dolore una moglie e una figlia, alle quali ci stringiamo ed esprimiamo la nostra vicinanza e solidariet\u00e0. &#8211; prosegue Tripodi &#8211; Siamo stanchi di assistere a lutti e tragedie e, allo stesso tempo, a dovere rinnovare richieste ed appelli, sistematicamente inascoltati, finalizzati ad ottenere basilari garanzie per i lavoratori, i quali desiderano semplicemente operare in sicurezza e tranquillit\u00e0. Nella giornata odierna il ministro del Lavoro Nunzia Catalfo \u00e8 impegnata in manifestazioni che si tengono a pochi chilometri dal luogo nel quale \u00e8 morto Paolo Villareale; in tal senso chiediamo al ministro un impegno straordinario e azioni concrete del suo dicastero e del governo per mettere fine a questa tragica ed assurda mattanza\u201d.<div id=\"div-gpt-ad-Messinaoggi.it-DSK-300x250-corpoart\" style=\"text-align:center;margin:0 auto;\"><\/div><\/p>\n<div id=\"videoincontent\" style=\"clear:both\";><\/div>","protected":false},"excerpt":{"rendered":"<p>\u201cIl drammatico contatore delle vittime sul lavoro non si ferma ed aumenta senza sosta. La morte dell\u2019operaio 37enne Paolo Villareale, avvenuta a Caronia, pone con forza ed attualit\u00e0 il tema della sicurezza e delle tutele dei lavoratori&#8221;. Queste le parole del segretario generale della Uil Messina, Ivan Tripodi, dopo la morte di Paolo Villareale, operaio [&hellip;]<\/p>\n","protected":false},"author":8,"featured_media":8386,"comment_status":"closed","ping_status":"closed","sticky":false,"template":"","format":"standard","meta":{"ub_ctt_via":"","_mi_skip_tracking":false},"categories":[4],"tags":[],"featured_image_src":"https:\/\/www.messinaoggi.it\/website\/wp-content\/uploads\/2017\/09\/ivan-tripodi-uilRRP_8325-2.jpg","author_info":{"display_name":"red..me","author_link":"https:\/\/www.messinaoggi.it\/website\/author\/redstage\/"},"digistream_id":0,"digistream":false,"_links":{"self":[{"href":"https:\/\/www.messinaoggi.it\/website\/wp-json\/wp\/v2\/posts\/47657"}],"collection":[{"href":"https:\/\/www.messinaoggi.it\/website\/wp-json\/wp\/v2\/posts"}],"about":[{"href":"https:\/\/www.messinaoggi.it\/website\/wp-json\/wp\/v2\/types\/post"}],"author":[{"embeddable":true,"href":"https:\/\/www.messinaoggi.it\/website\/wp-json\/wp\/v2\/users\/8"}],"replies":[{"embeddable":true,"href":"https:\/\/www.messinaoggi.it\/website\/wp-json\/wp\/v2\/comments?post=47657"}],"version-history":[{"count":0,"href":"https:\/\/www.messinaoggi.it\/website\/wp-json\/wp\/v2\/posts\/47657\/revisions"}],"wp:featuredmedia":[{"embeddable":true,"href":"https:\/\/www.messinaoggi.it\/website\/wp-json\/wp\/v2\/media\/8386"}],"wp:attachment":[{"href":"https:\/\/www.messinaoggi.it\/website\/wp-json\/wp\/v2\/media?parent=47657"}],"wp:term":[{"taxonomy":"category","embeddable":true,"href":"https:\/\/www.messinaoggi.it\/website\/wp-json\/wp\/v2\/categories?post=47657"},{"taxonomy":"post_tag","embeddable":true,"href":"https:\/\/www.messinaoggi.it\/website\/wp-json\/wp\/v2\/tags?post=47657"}],"curies":[{"name":"wp","href":"https:\/\/api.w.org\/{rel}","templated":true}]}}