{"id":47655,"date":"2020-10-01T18:12:08","date_gmt":"2020-10-01T16:12:08","guid":{"rendered":"https:\/\/www.messinaoggi.it\/website\/?p=47655"},"modified":"2020-10-01T18:12:08","modified_gmt":"2020-10-01T16:12:08","slug":"operai-intossicati-da-botulino-feneal-uil-quanto-accaduto-e-inaccettabile","status":"publish","type":"post","link":"https:\/\/www.messinaoggi.it\/website\/2020\/10\/01\/operai-intossicati-da-botulino-feneal-uil-quanto-accaduto-e-inaccettabile\/","title":{"rendered":"Operai intossicati da botulino, Feneal Uil: &quot;Quanto accaduto \u00e8 inaccettabile&quot;"},"content":{"rendered":"<p style=\"text-align: justify\">Continua a salire il bilancio dei lavoratori, impiegati nel cantiere del raddoppio ferroviario della linea Messina-Palermo, ricoverati per una sospetta intossicazione da botulino dopo avere mangiato alla mensa. Nella serata si contavano una decina di lavoratori, ora sarebbero pi\u00f9 di 20, 3 dei quali ricoverati in terapia intensiva. \u201cSolidariet\u00e0 ai lavoratori e alle famiglie che in questo momento stano vivendo momenti di altissima tensione\u201d, ha dichiarato al riguardo il segretario generale della Feneal Uil Tirrenica Messina, Pasquale De Vardo.<div id=\"div-gpt-ad-Messinaoggi.it-DSK-300x250-corpoart\" style=\"text-align:center;margin:0 auto;\"><\/div><\/p>\n<blockquote class=\"wp-embedded-content\" data-secret=\"gyDfKBVtcw\"><p><a href=\"https:\/\/www.messinaoggi.it\/website\/2020\/10\/01\/botulino-intossicati-10-operai-3-sono-gravi\/\">Botulino, intossicati 14 operai  (3 sono gravi)<\/a><div id=\"videoincontent\" style=\"clear:both\";><\/div><\/p><\/blockquote>\n<p><iframe class=\"wp-embedded-content\" sandbox=\"allow-scripts\" security=\"restricted\" style=\"position: absolute; clip: rect(1px, 1px, 1px, 1px);\" title=\"&#8220;Botulino, intossicati 14 operai  (3 sono gravi)&#8221; &#8212; Messina Oggi\" src=\"https:\/\/www.messinaoggi.it\/website\/2020\/10\/01\/botulino-intossicati-10-operai-3-sono-gravi\/embed\/#?secret=gyDfKBVtcw\" data-secret=\"gyDfKBVtcw\" width=\"500\" height=\"282\" frameborder=\"0\" marginwidth=\"0\" marginheight=\"0\" scrolling=\"no\"><\/iframe><br \/>\n<strong>&#8220;Inaccettabile quanto accaduto&#8221;.<\/strong> \u201cFino a questo momento sono pi\u00f9 di 20 gli operai ricoverati, di cui tre, i pi\u00f9 gravi, al reparto di terapia intensiva di Termini Imerese. \u2013 ha proseguito De Vardo \u2013 \u00c8 stato somministrato gi\u00e0 l&#8217;antidoto e le condizioni sono stazionarie I lavoratori sono ricoverati a Cefal\u00f9 e qualcuno \u00e8 stato trasferito in ospedale a Palermo sempre a Cefal\u00f9 ci sono altri 8 operai in attesa di visita. Sono fortemente preoccupato per quanto \u00e8 accaduto. Gi\u00e0 viviamo in una condizione particolare legata all&#8217;emergenza sanitaria e questo episodio ci mette ancora di pi\u00f9 in allarme: non possiamo accettare che un operaio possa rischiare la propria vita solo per aver usufruito di un pasto durante l&#8217;attivit\u00e0 lavorativa, che dovrebbe essere adeguato e sano.<br \/>\n\u201cCome organizzazione sindacale Feneal Uil, ed insieme ai colleghi di Fillea e Filca, abbiamo hanno immediatamente chiesto alla societ\u00e0 Toto Costruzioni di avviare tutti i protocolli di sicurezza previsti. Chiediamo che immediatamente l&#8217;azienda sanitaria e i Nas attivino le procedure di controllo e verifica, per noi fondamentali per individuare i responsabili all&#8217;interno della catena distributiva del cibo risultato avariato. Siamo in contatto con la societ\u00e0, che si \u00e8 attivata immediatamente coinvolgendo il proprio medico competente presso le due strutture sanitarie dove gli operai sono ricoverati e siamo in attesa del responso da parte dei medici che stanno seguendo i casi, sperando nel miglioramento delle condizioni di tutti, soprattutto dei tre operai ricoverati in terapia intensiva\u201d.<br \/>\nPer manifestare la loro vicinanza, i tre segretari degli edili si recheranno oggi presso gli ospedali degli operai ricoverati, che hanno dai 30 ai 50 anni di et\u00e0. \u201cCi auguriamo che il numero degli intossicati non continui a salire \u2013 ha concluso De Vardo &#8211; I lavoratori in questo momento impegnati nel raddoppio ferroviario Ogliastrillo-Castelbuono superano le 110 unit\u00e0. L&#8217;impresa \u00e8 di Chieti, molti vengono da fuori. Abbiamo predisposto una richiesta di incontro con il Rup e l&#8217;azienda al fine di capire le operazioni che l&#8217;azienda intende avviare sulle forniture dei pasti, affidati per ora a una ditta esterna in attesa dell&#8217;attivazione, prevista per fine ottobre, di una cucina attrezzata per la mensa aziendale\u201d.<br \/>\n <\/p>\n","protected":false},"excerpt":{"rendered":"<p>Continua a salire il bilancio dei lavoratori, impiegati nel cantiere del raddoppio ferroviario della linea Messina-Palermo, ricoverati per una sospetta intossicazione da botulino dopo avere mangiato alla mensa. Nella serata si contavano una decina di lavoratori, ora sarebbero pi\u00f9 di 20, 3 dei quali ricoverati in terapia intensiva. \u201cSolidariet\u00e0 ai lavoratori e alle famiglie che [&hellip;]<\/p>\n","protected":false},"author":8,"featured_media":45044,"comment_status":"closed","ping_status":"closed","sticky":false,"template":"","format":"standard","meta":{"ub_ctt_via":"","_mi_skip_tracking":false},"categories":[4],"tags":[],"featured_image_src":"https:\/\/www.messinaoggi.it\/website\/wp-content\/uploads\/2020\/06\/pasquale-de-vardo.jpg","author_info":{"display_name":"red..me","author_link":"https:\/\/www.messinaoggi.it\/website\/author\/redstage\/"},"digistream_id":0,"digistream":false,"_links":{"self":[{"href":"https:\/\/www.messinaoggi.it\/website\/wp-json\/wp\/v2\/posts\/47655"}],"collection":[{"href":"https:\/\/www.messinaoggi.it\/website\/wp-json\/wp\/v2\/posts"}],"about":[{"href":"https:\/\/www.messinaoggi.it\/website\/wp-json\/wp\/v2\/types\/post"}],"author":[{"embeddable":true,"href":"https:\/\/www.messinaoggi.it\/website\/wp-json\/wp\/v2\/users\/8"}],"replies":[{"embeddable":true,"href":"https:\/\/www.messinaoggi.it\/website\/wp-json\/wp\/v2\/comments?post=47655"}],"version-history":[{"count":0,"href":"https:\/\/www.messinaoggi.it\/website\/wp-json\/wp\/v2\/posts\/47655\/revisions"}],"wp:featuredmedia":[{"embeddable":true,"href":"https:\/\/www.messinaoggi.it\/website\/wp-json\/wp\/v2\/media\/45044"}],"wp:attachment":[{"href":"https:\/\/www.messinaoggi.it\/website\/wp-json\/wp\/v2\/media?parent=47655"}],"wp:term":[{"taxonomy":"category","embeddable":true,"href":"https:\/\/www.messinaoggi.it\/website\/wp-json\/wp\/v2\/categories?post=47655"},{"taxonomy":"post_tag","embeddable":true,"href":"https:\/\/www.messinaoggi.it\/website\/wp-json\/wp\/v2\/tags?post=47655"}],"curies":[{"name":"wp","href":"https:\/\/api.w.org\/{rel}","templated":true}]}}