{"id":47606,"date":"2020-09-29T18:20:54","date_gmt":"2020-09-29T16:20:54","guid":{"rendered":"https:\/\/www.messinaoggi.it\/website\/?p=47606"},"modified":"2020-09-29T18:20:54","modified_gmt":"2020-09-29T16:20:54","slug":"fp-cgil-trasformazione-dellirccs-in-fondazione-percorso-in-salita","status":"publish","type":"post","link":"https:\/\/www.messinaoggi.it\/website\/2020\/09\/29\/fp-cgil-trasformazione-dellirccs-in-fondazione-percorso-in-salita\/","title":{"rendered":"FP Cgil: &quot;Trasformazione dell&#039;IRCCS in Fondazione? Percorso in salita&quot;"},"content":{"rendered":"<p>Il percorso per la trasformazione dell&#8217;IRCCS &#8220;Bonino Pulejo&#8221; in Fondazione appare tutto in salita.\u00a0 Si \u00e8 tenuto lo scorso 25 settembre, presso i locali della direzione sanitaria dell&#8217;ospedale Piemonte, l&#8217;incontro con le delegazioni sindacali della dirigenza e del comparto per discutere sul futuro dell&#8217;IRCCS, e in particolare sulla volont\u00e0 espressa dal management di trasformarlo in Fondazione di rilievo nazionale. Un percorso quest\u2019ultimo che, cos\u00ec come evidenziato dalla FP Cgil, appare alquanto lungo e tortuoso. In primis perch\u00e9 tra qualche mese l&#8217;IRCCS, il cui acronimo sta per Istituto di ricovero e cura a carattere scientifico, deve superare un&#8217;apposita valutazione ministeriale per mantenere lo status che gli \u00e8 attualmente riconosciuto. &#8220;Non dimentichiamo \u2013 affermano il segretario generale della FP Antonio Trino, il segretario provincile Antonio Trino e il responsabile dei medici Guglielmo Cataliato &#8211; che tra qualche mese \u00e8 attesa la site visit da parte della commissione di valutazione ministeriale per verificare se l&#8217;Ente \u00e8 in possesso dei requisiti necessari ai fini del mantenimento del riconoscimento del carattere scientifico dell&#8217;IRCCS &#8216;Bonino Pulejo'&#8221;.<br \/>\nSuperato questo primo ostacolo per\u00f2 se ne presenta un altro, probabilmente pi\u00f9 difficile da superare rispetto al precedente. Infatti, il sindacato evidenzia che, secondo il decreto legislativo 288\/2003, solo gli IRCCS esistenti prima del 2003, e in particolare prima dell&#8217;entrata in vigore della legge 3\/2003, possono essere trasformati in Fondazioni di rilievo nazionale. Il problema \u00e8 che l&#8217;IRCCS &#8220;Bonino Pulejo&#8221; \u00e8 stato istituito nel 2006, tre anni dopo l&#8217;entrata in vigore della suddetta legge, il che significa che solamente la deroga al decreto legislativo 288\/2003 consentirebbe l&#8217;avvio delle procedure per la trasformazione dell&#8217;Istituto in Fondazione. &#8220;L&#8217;articolo 2 comma 1 del decreto legislativo n.288 del 2003 \u2013 sottolineano i rappresentanti sindacali &#8211; che disciplina gli Istituti di ricovero e cura a carattere scientifico, recita espressamente che solo quelli &#8216;esistenti alla data di entrata in vigore della legge 16 gennaio 2003, n. 3, ferma restandone la natura pubblica, possono essere trasformati in Fondazioni di rilievo nazionale&#8217;. L&#8217;Ente messinese, \u00e8 stato riconosciuto Istituto di ricovero e cura a carattere scientifico dotato di personalit\u00e0 giuridica di Diritto pubblico con il D.M. 4 marzo 2006, e denominato Istituto &#8216;Centro Neurolesi Bonino Pulejo&#8217; con D.M. 4 aprile 2006. Ne discende, quindi, che solamente la deroga al decreto legislativo 288\/2003 consentirebbe l&#8217;avvio delle procedure per la trasformazione dell&#8217;Istituto in Fondazione, con istanza della Regione, Fondazione che sar\u00e0 comunque dotata di personalit\u00e0 giuridica di diritto pubblico e il cui personale \u00e8 garantito dall&#8217;articolo 11 della legge 288\/2003&#8221;.<br \/>\n&#8220;Tutto questo per significare che allo stato attuale parlare di Fondazione \u00e8 assai prematuro, &#8211; conclude il sindacato &#8211; anche se sarebbe auspicabile costituire un tavolo tecnico che possa condurre tutti gli attori istituzionali portatori di pubblico interesse ad eventuali soluzioni anche migliorative del progetto, in un&#8217;ottica di assoluta apertura e sereno confronto, su tematiche che potrebbero far emergere criticit\u00e0 di vario genere. Non possiamo, infatti, certamente farci sfuggire la realizzazione di un progetto che abbia come obiettivo fondamentale quello di rispondere al bisogno di salute secondo criteri di qualit\u00e0, eticit\u00e0, efficienza e innovazione scientifica avendo come valore di riferimento la centralit\u00e0 della persona&#8221;.<div id=\"div-gpt-ad-Messinaoggi.it-DSK-300x250-corpoart\" style=\"text-align:center;margin:0 auto;\"><\/div><\/p>\n<div id=\"videoincontent\" style=\"clear:both\";><\/div>","protected":false},"excerpt":{"rendered":"<p>Il percorso per la trasformazione dell&#8217;IRCCS &#8220;Bonino Pulejo&#8221; in Fondazione appare tutto in salita.\u00a0 Si \u00e8 tenuto lo scorso 25 settembre, presso i locali della direzione sanitaria dell&#8217;ospedale Piemonte, l&#8217;incontro con le delegazioni sindacali della dirigenza e del comparto per discutere sul futuro dell&#8217;IRCCS, e in particolare sulla volont\u00e0 espressa dal management di trasformarlo in [&hellip;]<\/p>\n","protected":false},"author":8,"featured_media":41517,"comment_status":"closed","ping_status":"closed","sticky":false,"template":"","format":"standard","meta":{"ub_ctt_via":"","_mi_skip_tracking":false},"categories":[4],"tags":[],"featured_image_src":"https:\/\/www.messinaoggi.it\/website\/wp-content\/uploads\/2020\/03\/BD67C42F-FEE4-481C-B611-2F79AF0F7450.jpeg","author_info":{"display_name":"red..me","author_link":"https:\/\/www.messinaoggi.it\/website\/author\/redstage\/"},"digistream_id":0,"digistream":false,"_links":{"self":[{"href":"https:\/\/www.messinaoggi.it\/website\/wp-json\/wp\/v2\/posts\/47606"}],"collection":[{"href":"https:\/\/www.messinaoggi.it\/website\/wp-json\/wp\/v2\/posts"}],"about":[{"href":"https:\/\/www.messinaoggi.it\/website\/wp-json\/wp\/v2\/types\/post"}],"author":[{"embeddable":true,"href":"https:\/\/www.messinaoggi.it\/website\/wp-json\/wp\/v2\/users\/8"}],"replies":[{"embeddable":true,"href":"https:\/\/www.messinaoggi.it\/website\/wp-json\/wp\/v2\/comments?post=47606"}],"version-history":[{"count":0,"href":"https:\/\/www.messinaoggi.it\/website\/wp-json\/wp\/v2\/posts\/47606\/revisions"}],"wp:featuredmedia":[{"embeddable":true,"href":"https:\/\/www.messinaoggi.it\/website\/wp-json\/wp\/v2\/media\/41517"}],"wp:attachment":[{"href":"https:\/\/www.messinaoggi.it\/website\/wp-json\/wp\/v2\/media?parent=47606"}],"wp:term":[{"taxonomy":"category","embeddable":true,"href":"https:\/\/www.messinaoggi.it\/website\/wp-json\/wp\/v2\/categories?post=47606"},{"taxonomy":"post_tag","embeddable":true,"href":"https:\/\/www.messinaoggi.it\/website\/wp-json\/wp\/v2\/tags?post=47606"}],"curies":[{"name":"wp","href":"https:\/\/api.w.org\/{rel}","templated":true}]}}