{"id":47568,"date":"2020-09-27T22:51:07","date_gmt":"2020-09-27T20:51:07","guid":{"rendered":"https:\/\/www.messinaoggi.it\/website\/?p=47568"},"modified":"2020-09-27T22:51:07","modified_gmt":"2020-09-27T20:51:07","slug":"mascherine-obbligatorie-allaperto-in-sicilia","status":"publish","type":"post","link":"https:\/\/www.messinaoggi.it\/website\/2020\/09\/27\/mascherine-obbligatorie-allaperto-in-sicilia\/","title":{"rendered":"Da mercoled\u00ec mascherine obbligatorie all&#039;aperto in Sicilia"},"content":{"rendered":"<p>Uso obbligatorio delle mascherine quando si \u00e8 tra estranei, registrazione e tamponi rapidi per chi proviene dall\u2019estero, controlli periodici sul personale sanitario e sui soggetti cosiddetti fragili, oltre ai divieti di assembramento. Sono queste le nuove misure di prevenzione contenute nella nuova ordinanza del presidente della Regione, Nello Musumeci, per limitare il contagio del Coronavirus nell\u2019Isola. Il provvedimento entrer\u00e0 in vigore mercoled\u00ec e avr\u00e0 efficacia fino al 30 ottobre.<br \/>\n\u201cLe misure che adottiamo con questa ordinanza\u00a0 \u2013 evidenzia Musumeci \u2013 mettono al centro i controlli e la prevenzione nei confronti delle persone fragili o pi\u00f9 esposte al contagio. I nostri costanti\u00a0 e ripetuti inviti alla prudenza purtroppo non sono stati da tutti adeguatamente raccolti ed entriamo in una fase difficile dell\u2019epidemia, con l\u2019arrivo della stagione influenzale. Il testo \u00e8 ancora una volta improntato al principio della leale collaborazione tra tutte le istituzioni e del confronto con i professionisti, che\u00a0 presto l\u2019assessore Razza torner\u00e0 ad incontrare con il Comitato tecnico scientifico. Abbiamo appreso che la chiave pi\u00f9 importante per affrontare questa emergenza \u00e8\u00a0 rappresentata dalla tempestivit\u00e0 delle decisioni e della previsione degli eventi futuri. La Sicilia non vuole un nuovo lockdown, ma per impedirlo dobbiamo impegnarci tutti, soprattutto i pi\u00f9 giovani\u201d.<br \/>\nL\u2019ordinanza si \u00e8 resa necessaria visto che \u201cil numero dei casi di Covid 19 continua ad aumentare\u201d e che quindi \u201coccorre mantenere una linea di massima prudenza\u201d, con la evidente necessit\u00e0 di non \u201csottovalutare il rischio di una rapida ripresa epidemica dovuto ad un eccessivo rilassamento delle misure e dei comportamenti individuali anche legati a momenti di aggregazione estemporanea (es. movida)\u201d.\u00a0 Queste le novit\u00e0.<br \/>\n<strong>Uso della mascherina<\/strong><br \/>\n\u00c8 obbligo di ogni cittadino, al di sopra dei 6 anni, di tenere sempre la mascherina nella propria disponibilit\u00e0, quando si \u00e8 fuori casa. Nei luoghi aperti al pubblico la mascherina deve essere indossata se si \u00e8 nel contesto di presenze di pi\u00f9 soggetti. Si \u00e8 dispensati solo quando ci si trova tra congiunti o conviventi. Sono esclusi dall\u2019obbligo di utilizzo in modo continuativo coloro che svolgono attivit\u00e0 motoria intensa, a condizione che il distanziamento interpersonale possa essere mantenuto, salvo l\u2019obbligo di utilizzo alla fine dell\u2019attivit\u00e0.<br \/>\n<strong>Tamponi per chi viene dall\u2019estero<\/strong><br \/>\nChiunque entri nel territorio della Regione provenendo da Stati Ue o extra Ue ha l\u2019obbligo di registrarsi sul sito\u00a0www.siciliacoronavirus.it, ovvero di comunicare la propria presenza al servizio sanitario della Regione. I cittadini residenti in Sicilia adempieranno a tale obbligo sia mediante la registrazione sul sito, sia dandone pronta comunicazione al proprio medico di medicina generale o pediatra. Alle norme dovranno uniformarsi anche coloro che hanno fatto rientro in Sicilia nei sette giorni antecedenti la pubblicazione dell\u2019ordinanza. Le Aziende sanitarie provinciali competenti territorialmente provvedono alla sottoscrizione di un Protocollo con le Societ\u00e0 di gestione degli aeroporti, le Autorit\u00e0 portuali, i gestori del trasporto, di concerto con l\u2019assessorato regionale delle Infrastrutture e della mobilit\u00e0, per sottoporre al cosiddetto tampone rapido ovvero ad altri mezzi di indagine diagnostica, validati dall\u2019Istituto superiore di sanit\u00e0, i soggetti provenienti dai Paesi esteri.<div id=\"div-gpt-ad-Messinaoggi.it-DSK-300x250-corpoart\" style=\"text-align:center;margin:0 auto;\"><\/div><\/p>\n<div id=\"videoincontent\" style=\"clear:both\";><\/div>","protected":false},"excerpt":{"rendered":"<p>Uso obbligatorio delle mascherine quando si \u00e8 tra estranei, registrazione e tamponi rapidi per chi proviene dall\u2019estero, controlli periodici sul personale sanitario e sui soggetti cosiddetti fragili, oltre ai divieti di assembramento. Sono queste le nuove misure di prevenzione contenute nella nuova ordinanza del presidente della Regione, Nello Musumeci, per limitare il contagio del Coronavirus [&hellip;]<\/p>\n","protected":false},"author":4,"featured_media":43180,"comment_status":"closed","ping_status":"closed","sticky":false,"template":"","format":"standard","meta":{"ub_ctt_via":"","_mi_skip_tracking":false},"categories":[221],"tags":[],"featured_image_src":"https:\/\/www.messinaoggi.it\/website\/wp-content\/uploads\/2020\/05\/musumeci.jpg","author_info":{"display_name":"redme","author_link":"https:\/\/www.messinaoggi.it\/website\/author\/redme\/"},"digistream_id":0,"digistream":false,"_links":{"self":[{"href":"https:\/\/www.messinaoggi.it\/website\/wp-json\/wp\/v2\/posts\/47568"}],"collection":[{"href":"https:\/\/www.messinaoggi.it\/website\/wp-json\/wp\/v2\/posts"}],"about":[{"href":"https:\/\/www.messinaoggi.it\/website\/wp-json\/wp\/v2\/types\/post"}],"author":[{"embeddable":true,"href":"https:\/\/www.messinaoggi.it\/website\/wp-json\/wp\/v2\/users\/4"}],"replies":[{"embeddable":true,"href":"https:\/\/www.messinaoggi.it\/website\/wp-json\/wp\/v2\/comments?post=47568"}],"version-history":[{"count":0,"href":"https:\/\/www.messinaoggi.it\/website\/wp-json\/wp\/v2\/posts\/47568\/revisions"}],"wp:featuredmedia":[{"embeddable":true,"href":"https:\/\/www.messinaoggi.it\/website\/wp-json\/wp\/v2\/media\/43180"}],"wp:attachment":[{"href":"https:\/\/www.messinaoggi.it\/website\/wp-json\/wp\/v2\/media?parent=47568"}],"wp:term":[{"taxonomy":"category","embeddable":true,"href":"https:\/\/www.messinaoggi.it\/website\/wp-json\/wp\/v2\/categories?post=47568"},{"taxonomy":"post_tag","embeddable":true,"href":"https:\/\/www.messinaoggi.it\/website\/wp-json\/wp\/v2\/tags?post=47568"}],"curies":[{"name":"wp","href":"https:\/\/api.w.org\/{rel}","templated":true}]}}