{"id":47530,"date":"2020-09-26T13:39:39","date_gmt":"2020-09-26T11:39:39","guid":{"rendered":"https:\/\/www.messinaoggi.it\/website\/?p=47530"},"modified":"2020-09-26T13:39:39","modified_gmt":"2020-09-26T11:39:39","slug":"rientrato-lallarme-covid-allistituto-catalfamo","status":"publish","type":"post","link":"https:\/\/www.messinaoggi.it\/website\/2020\/09\/26\/rientrato-lallarme-covid-allistituto-catalfamo\/","title":{"rendered":"Rientrato l&#039;allarme Covid all&#039;Istituto &quot;Catalfamo&quot;"},"content":{"rendered":"<p>Allarme Coronavirus rientrato all&#8217;Istituto comprensivo &#8220;Giuseppe Catalfamo&#8221;.<br \/>\nSono negativi i tamponi effettuati alle tre sorelline delle classi prima, terza e quarta della primaria, il cui nonno positivo al Covid \u00e8 ricoverato al Policlinico.<br \/>\nLa negativit\u00e0 delle tre alunne \u00e8 stata confermata dal commissario per l&#8217;emergenza Covid dell&#8217;Asp, Carmelo Crisicelli e comunicata alla direzione scolastica.<br \/>\nLe tre alunne resteranno in quarantena fino alla prima settimana di ottobre.<\/p>\n","protected":false},"excerpt":{"rendered":"<p>Allarme Coronavirus rientrato all&#8217;Istituto comprensivo &#8220;Giuseppe Catalfamo&#8221;. Sono negativi i tamponi effettuati alle tre sorelline delle classi prima, terza e quarta della primaria, il cui nonno positivo al Covid \u00e8 ricoverato al Policlinico. La negativit\u00e0 delle tre alunne \u00e8 stata confermata dal commissario per l&#8217;emergenza Covid dell&#8217;Asp, Carmelo Crisicelli e comunicata alla direzione scolastica. Le [&hellip;]<\/p>\n","protected":false},"author":4,"featured_media":47484,"comment_status":"closed","ping_status":"closed","sticky":false,"template":"","format":"standard","meta":{"ub_ctt_via":"","_mi_skip_tracking":false},"categories":[221],"tags":[],"featured_image_src":"https:\/\/www.messinaoggi.it\/website\/wp-content\/uploads\/2020\/09\/covid-19-fernandozhiminaicela.jpg","author_info":{"display_name":"redme","author_link":"https:\/\/www.messinaoggi.it\/website\/author\/redme\/"},"digistream_id":0,"digistream":false,"_links":{"self":[{"href":"https:\/\/www.messinaoggi.it\/website\/wp-json\/wp\/v2\/posts\/47530"}],"collection":[{"href":"https:\/\/www.messinaoggi.it\/website\/wp-json\/wp\/v2\/posts"}],"about":[{"href":"https:\/\/www.messinaoggi.it\/website\/wp-json\/wp\/v2\/types\/post"}],"author":[{"embeddable":true,"href":"https:\/\/www.messinaoggi.it\/website\/wp-json\/wp\/v2\/users\/4"}],"replies":[{"embeddable":true,"href":"https:\/\/www.messinaoggi.it\/website\/wp-json\/wp\/v2\/comments?post=47530"}],"version-history":[{"count":0,"href":"https:\/\/www.messinaoggi.it\/website\/wp-json\/wp\/v2\/posts\/47530\/revisions"}],"wp:featuredmedia":[{"embeddable":true,"href":"https:\/\/www.messinaoggi.it\/website\/wp-json\/wp\/v2\/media\/47484"}],"wp:attachment":[{"href":"https:\/\/www.messinaoggi.it\/website\/wp-json\/wp\/v2\/media?parent=47530"}],"wp:term":[{"taxonomy":"category","embeddable":true,"href":"https:\/\/www.messinaoggi.it\/website\/wp-json\/wp\/v2\/categories?post=47530"},{"taxonomy":"post_tag","embeddable":true,"href":"https:\/\/www.messinaoggi.it\/website\/wp-json\/wp\/v2\/tags?post=47530"}],"curies":[{"name":"wp","href":"https:\/\/api.w.org\/{rel}","templated":true}]}}