{"id":47525,"date":"2020-09-26T10:41:33","date_gmt":"2020-09-26T08:41:33","guid":{"rendered":"https:\/\/www.messinaoggi.it\/website\/?p=47525"},"modified":"2020-09-26T10:41:33","modified_gmt":"2020-09-26T08:41:33","slug":"giovanni-xiii-villaggio-aldisio-avvio-regolare-dellanno-scolastico-nonostante-lemergenza-covid","status":"publish","type":"post","link":"https:\/\/www.messinaoggi.it\/website\/2020\/09\/26\/giovanni-xiii-villaggio-aldisio-avvio-regolare-dellanno-scolastico-nonostante-lemergenza-covid\/","title":{"rendered":"Giovanni XIII-Villaggio Aldisio: avvio regolare dell&#039;anno scolastico nonostante l&#039;emergenza Covid"},"content":{"rendered":"<p style=\"text-align: justify;\">Nell&#8217;anno dell&#8217;emergenza Covid fa certamente notizia l&#8217;avvio regolare delle lezioni in una scuola cittadina. E&#8217; il caso dell\u2019Istituto Comprensivo \u201cGiovanni XXIII-Villaggio Aldisio\u201d, dove sono iniziate regolarmente lo scorso 24 settembre le lezioni: il suono della campanella ha dato il benvenuto agli alunni dei tre ordini di scuola. Si tratta di una delle poche scuole della citt\u00e0 ed essere stata dotata dei banchi monoposto con la consegna avvenuta alla Ferra\u00f9 prima dell&#8217;avvio delle lezioni. L&#8217;avvio regolare delle lezioni, con la soddisfazione del dirigente scolastico reggente, Elio Parisi, fa da controcanto al &#8220;coro&#8221; di lamentele levatosi da numerose scuole cittadine alle prese con carenze di aule e problemi di spazi, necessari per garantire il distanziamento sociale.<div id=\"div-gpt-ad-Messinaoggi.it-DSK-300x250-corpoart\" style=\"text-align:center;margin:0 auto;\"><\/div><\/p>\n<p style=\"text-align: justify;\"><img loading=\"lazy\" class=\"alignnone  wp-image-47522\" src=\"https:\/\/www.messinaoggi.it\/website\/wp-content\/uploads\/2020\/09\/8FEFF8A1-4186-413C-94F7-1741DE0B6E71-300x202.jpeg\" alt=\"\" width=\"1311\" height=\"883\" \/><div id=\"videoincontent\" style=\"clear:both\";><\/div><\/p>\n<p style=\"text-align: justify;\">Nonostante i lavori, nei due plessi pi\u00f9 grandi dell\u2019Istituto, si siano protratti fino alla consegna dei locali per il Referendum, tutto \u00e8 stato organizzato nei tempi opportuni per l\u2019apertura all\u2019utenza, anche in questi plessi. L\u2019impegno profuso dai docenti ha permesso di preparare gli spazi nel modo adeguato, la prima organizzazione a giornate alterne, in alcuni casi, \u00e8 stata fatta per rendere il servizio pi\u00f9 funzionale possibile alle esigenze delle famiglie. I plessi di scuola dell\u2019infanzia lavoreranno a pieno ritmo con tutti gli alunni gi\u00e0 da luned\u00ec 28, cos\u00ec come la scuola secondaria di primo grado dove l\u2019organizzazione di laboratori per classi parallele e la gestione dell\u2019organico interno permetteranno a tutti gli alunni di frequentare le attivit\u00e0 per 5 ore giornaliere, il distanziamento e la realizzazione di setting precisi saranno garanzia di tutela della salute. Nessuno in posizione statica indosser\u00e0 la mascherina, in nessun plesso.<\/p>\n<p style=\"text-align: justify;\"><img loading=\"lazy\" class=\"alignnone  wp-image-47524\" src=\"https:\/\/www.messinaoggi.it\/website\/wp-content\/uploads\/2020\/09\/A8A57862-135D-4CA4-8078-01B342EED23C-300x171.jpeg\" alt=\"\" width=\"1298\" height=\"740\" \/><\/p>\n<p style=\"text-align: justify;\">Alla scuola primaria Trimarchi, di via Orso Corbino, le classi, tutte, hanno gi\u00e0 fatto il loro ingresso, in questo caso la disponibilit\u00e0 di banchi biposto e le ampie aule hanno permesso di far accedere contemporaneamente tutti gli alunni. Per il numero di utenti, qualche problema al plesso Ferra\u00f9 dove si prevedeva una organizzazione per gruppi classe ma il disagio \u00e8 durato un solo giorno, infatti ieri, 25 settembre, sono arrivati i banchi monoposto e gi\u00e0 nel pomeriggio tutte le aule erano state sistemate, ci\u00f2 permetter\u00e0 l\u2019accesso a tutte le classi , cos\u00ec come previsto, gi\u00e0 dal 28 settembre. Il plesso Ferra\u00f9 \u00e8 uno dei primi in citt\u00e0 ad avere ricevuto i banchi monoposto. Il dirigente scolastico, Elio Parisi, che quest\u2019anno \u00e8 reggente dell\u2019Istituto Comprensivo, ringrazia i docenti e il personale ATA per l\u2019impegno profuso, un grazie particolare alle famiglie per la collaborazione mostrata gi\u00e0 dal primo suono della campanella.<\/p>\n<p style=\"text-align: justify;\">Il Dirigente ha dichiarato: \u201cUna reggenza non \u00e8 mai facile all\u2019inizio, ancora meno in un momento cos\u00ec delicato per l\u2019intero paese, bisogna essere fiduciosi e positivi per poter affrontare le difficolt\u00e0. Il lavoro di squadra, la condivisione, il confronto su ogni minimo dettaglio, hanno permesso di riaprire i portoni dell\u2019Istituto, sono grato a tutto il personale che ha mostrato senso elevato di appartenenza alla propria scuola e verso un territorio molto complesso. Far entrare il maggior numero di alunni a scuola era l\u2019obiettivo primario, siamo riusciti a fare in modo che tutti, tutti i giorni possano sedere in aula. Ritengo sia un grande successo\u201d.<\/p>\n<p style=\"text-align: justify;\">\n","protected":false},"excerpt":{"rendered":"<p>Nell&#8217;anno dell&#8217;emergenza Covid fa certamente notizia l&#8217;avvio regolare delle lezioni in una scuola cittadina. E&#8217; il caso dell\u2019Istituto Comprensivo \u201cGiovanni XXIII-Villaggio Aldisio\u201d, dove sono iniziate regolarmente lo scorso 24 settembre le lezioni: il suono della campanella ha dato il benvenuto agli alunni dei tre ordini di scuola. Si tratta di una delle poche scuole della [&hellip;]<\/p>\n","protected":false},"author":2,"featured_media":47523,"comment_status":"closed","ping_status":"closed","sticky":false,"template":"","format":"standard","meta":{"ub_ctt_via":"","_mi_skip_tracking":false},"categories":[5],"tags":[],"featured_image_src":"https:\/\/www.messinaoggi.it\/website\/wp-content\/uploads\/2020\/09\/0E690BB1-C6B1-4ABE-9420-2007A28A277D.jpeg","author_info":{"display_name":"Redazione","author_link":"https:\/\/www.messinaoggi.it\/website\/author\/redazione\/"},"digistream_id":0,"digistream":false,"_links":{"self":[{"href":"https:\/\/www.messinaoggi.it\/website\/wp-json\/wp\/v2\/posts\/47525"}],"collection":[{"href":"https:\/\/www.messinaoggi.it\/website\/wp-json\/wp\/v2\/posts"}],"about":[{"href":"https:\/\/www.messinaoggi.it\/website\/wp-json\/wp\/v2\/types\/post"}],"author":[{"embeddable":true,"href":"https:\/\/www.messinaoggi.it\/website\/wp-json\/wp\/v2\/users\/2"}],"replies":[{"embeddable":true,"href":"https:\/\/www.messinaoggi.it\/website\/wp-json\/wp\/v2\/comments?post=47525"}],"version-history":[{"count":0,"href":"https:\/\/www.messinaoggi.it\/website\/wp-json\/wp\/v2\/posts\/47525\/revisions"}],"wp:featuredmedia":[{"embeddable":true,"href":"https:\/\/www.messinaoggi.it\/website\/wp-json\/wp\/v2\/media\/47523"}],"wp:attachment":[{"href":"https:\/\/www.messinaoggi.it\/website\/wp-json\/wp\/v2\/media?parent=47525"}],"wp:term":[{"taxonomy":"category","embeddable":true,"href":"https:\/\/www.messinaoggi.it\/website\/wp-json\/wp\/v2\/categories?post=47525"},{"taxonomy":"post_tag","embeddable":true,"href":"https:\/\/www.messinaoggi.it\/website\/wp-json\/wp\/v2\/tags?post=47525"}],"curies":[{"name":"wp","href":"https:\/\/api.w.org\/{rel}","templated":true}]}}