{"id":47520,"date":"2020-09-26T10:29:18","date_gmt":"2020-09-26T08:29:18","guid":{"rendered":"https:\/\/www.messinaoggi.it\/website\/?p=47520"},"modified":"2020-09-26T10:29:18","modified_gmt":"2020-09-26T08:29:18","slug":"tanino-polizzi-e-il-nuovo-presidente-regionale-di-pmisicilia-santoro-sia-linizio-di-un-nuovo-percorso","status":"publish","type":"post","link":"https:\/\/www.messinaoggi.it\/website\/2020\/09\/26\/tanino-polizzi-e-il-nuovo-presidente-regionale-di-pmisicilia-santoro-sia-linizio-di-un-nuovo-percorso\/","title":{"rendered":"Tanino Polizzi \u00e8 il nuovo presidente regionale di PmiSicilia. Santoro: &quot;Sia l&#039;inizio di un nuovo percorso&quot;"},"content":{"rendered":"<p style=\"text-align: justify;\">Tanino Polizzi, palermitano, dirigente d&#8217;azienda con un passato da sindacalista della Uil nel settore del terziario e del commercio, \u00e8 il nuovo presidente regionale della PmiSicilia, l&#8217;associazione datoriale tutta siciliana.<div id=\"div-gpt-ad-Messinaoggi.it-DSK-300x250-corpoart\" style=\"text-align:center;margin:0 auto;\"><\/div><\/p>\n<p style=\"text-align: justify;\">L&#8217;elezione \u00e8 avvenuta con l&#8217;unanimit\u00e0 dei consensi, al termine dell&#8217;assemblea regionale. Tanino Polizzi dovr\u00e0 adesso mettere in piedi il direttivo regionale della promettente associazione datoriale che raccoglie diverse centinaia di aziende siciliane.<div id=\"videoincontent\" style=\"clear:both\";><\/div><\/p>\n<p style=\"text-align: justify;\">Da Messina arrivano le prime congratulazioni del nuovo presidente regionale, da parte di Lino Santoro, responsabile provinciale di PmiSicilia. &#8220;Congratulazioni all&#8217;amico Tanino, che sia l&#8217;inizio di un nuovo e produttivo percorso. Le aziende siciliane hanno bisogno di un&#8217;associazione agile che punti a fornire servizi legati al credito. In questo senso, Polizzi da segretario si \u00e8 gi\u00e0 mobilitato per l&#8217;apertura di sportelli del microcredito in numerose province siciliane. Anche a Messina presto ne avremo uno&#8221;.<\/p>\n","protected":false},"excerpt":{"rendered":"<p>Tanino Polizzi, palermitano, dirigente d&#8217;azienda con un passato da sindacalista della Uil nel settore del terziario e del commercio, \u00e8 il nuovo presidente regionale della PmiSicilia, l&#8217;associazione datoriale tutta siciliana. L&#8217;elezione \u00e8 avvenuta con l&#8217;unanimit\u00e0 dei consensi, al termine dell&#8217;assemblea regionale. Tanino Polizzi dovr\u00e0 adesso mettere in piedi il direttivo regionale della promettente associazione datoriale [&hellip;]<\/p>\n","protected":false},"author":2,"featured_media":10448,"comment_status":"closed","ping_status":"closed","sticky":false,"template":"","format":"standard","meta":{"ub_ctt_via":"","_mi_skip_tracking":false},"categories":[11],"tags":[],"featured_image_src":"https:\/\/www.messinaoggi.it\/website\/wp-content\/uploads\/2017\/10\/IMG_1975.jpg","author_info":{"display_name":"Redazione","author_link":"https:\/\/www.messinaoggi.it\/website\/author\/redazione\/"},"digistream_id":0,"digistream":false,"_links":{"self":[{"href":"https:\/\/www.messinaoggi.it\/website\/wp-json\/wp\/v2\/posts\/47520"}],"collection":[{"href":"https:\/\/www.messinaoggi.it\/website\/wp-json\/wp\/v2\/posts"}],"about":[{"href":"https:\/\/www.messinaoggi.it\/website\/wp-json\/wp\/v2\/types\/post"}],"author":[{"embeddable":true,"href":"https:\/\/www.messinaoggi.it\/website\/wp-json\/wp\/v2\/users\/2"}],"replies":[{"embeddable":true,"href":"https:\/\/www.messinaoggi.it\/website\/wp-json\/wp\/v2\/comments?post=47520"}],"version-history":[{"count":0,"href":"https:\/\/www.messinaoggi.it\/website\/wp-json\/wp\/v2\/posts\/47520\/revisions"}],"wp:featuredmedia":[{"embeddable":true,"href":"https:\/\/www.messinaoggi.it\/website\/wp-json\/wp\/v2\/media\/10448"}],"wp:attachment":[{"href":"https:\/\/www.messinaoggi.it\/website\/wp-json\/wp\/v2\/media?parent=47520"}],"wp:term":[{"taxonomy":"category","embeddable":true,"href":"https:\/\/www.messinaoggi.it\/website\/wp-json\/wp\/v2\/categories?post=47520"},{"taxonomy":"post_tag","embeddable":true,"href":"https:\/\/www.messinaoggi.it\/website\/wp-json\/wp\/v2\/tags?post=47520"}],"curies":[{"name":"wp","href":"https:\/\/api.w.org\/{rel}","templated":true}]}}