{"id":47519,"date":"2020-09-26T10:28:54","date_gmt":"2020-09-26T08:28:54","guid":{"rendered":"https:\/\/www.messinaoggi.it\/website\/?p=47519"},"modified":"2020-09-26T10:28:54","modified_gmt":"2020-09-26T08:28:54","slug":"largo-seggiola-gioveni-unisola-pedonale-inutile-riaprirla-subito","status":"publish","type":"post","link":"https:\/\/www.messinaoggi.it\/website\/2020\/09\/26\/largo-seggiola-gioveni-unisola-pedonale-inutile-riaprirla-subito\/","title":{"rendered":"Largo Seggiola, Gioveni: &quot;Un&#039;isola pedonale inutile, riaprirla subito&quot;"},"content":{"rendered":"<p>Riaprire al transito veicolare Largo Seggiola. \u00c8 questa in sintesi la richiesta avanzata dal consigliere comunale Libero Gioveni, in quanto a detta sua l&#8217;area, che \u00e8 stata pedonalizzata 3 anni fa, risulta priva di quelle prerogative che l\u2019avrebbero dovuta far considerare un&#8217;area pedonale (assenza di arredi, di iniziative ludiche, ecc.). Stando a quanto spiegato da Gioveni, ad oggi bisogna attendere l&#8217;approvazione del PGTU prima di poter procedere con la riapertura di Largo Seggiola, approvazione che per\u00f2 potrebbe richiedere un tempo eccessivamente lungo. Pertanto, il consigliere chiede di valutarne l\u2019immediata riapertura senza aspettare l\u2019ancora lontana approvazione del PGTU. \u201cNon si pu\u00f2 pensare di attendere l\u2019approvazione del PGTU per riaprire Largo Seggiola, a meno che quest\u2019area in pieno centro cittadino non si renda funzionale come vero spazio pedonale attrezzato!\u201d, afferma Gioveni<br \/>\n\u201cI fatti dimostrano \u2013 evidenzia Goveni \u2013 che la delibera di Giunta n. 506 del 11 luglio 2017 di chiudere al transito veicolare le strade che compongono Largo Seggiola formando uno spazio pedonalizzato si \u00e8 rivelata inefficace e inutile, anzi, forse anche dannosa. Infatti, pur essendo da sempre convinto della necessit\u00e0 di istituire delle isole pedonali nella nostra citt\u00e0 non si pu\u00f2 non prendere atto di un fallimento rispetto all\u2019evidenza di fatti inequivocabili che raccontano di un\u2019area pedonale come quella, appunto, di Largo Seggiola, che si \u00e8 rivelata totalmente priva di quelle prerogative che l\u2019avrebbero dovuta far considerare tale (assenza di arredi, di iniziative ludiche ecc.).<br \/>\n\u201cCredo, pertanto &#8211; conclude Gioveni &#8211; che si debba finalmente e immediatamente valutare l\u2019ipotesi di riaprire al transito veicolare le strade di questa porzione di territorio a forma di triangolo confinante con la via Cesare Battisti, la via Mario Giurba e la via Santa Marta, revocando di fatto la vecchia delibera n. 506 che peraltro in passato, aveva anche provocato l&#8217;ingresso non autorizzato di autovetture che, grazie anche a qualche dissuasore divelto, la facevano in barba ai divieti\u201d.<div id=\"div-gpt-ad-Messinaoggi.it-DSK-300x250-corpoart\" style=\"text-align:center;margin:0 auto;\"><\/div><\/p>\n<div id=\"videoincontent\" style=\"clear:both\";><\/div>","protected":false},"excerpt":{"rendered":"<p>Riaprire al transito veicolare Largo Seggiola. \u00c8 questa in sintesi la richiesta avanzata dal consigliere comunale Libero Gioveni, in quanto a detta sua l&#8217;area, che \u00e8 stata pedonalizzata 3 anni fa, risulta priva di quelle prerogative che l\u2019avrebbero dovuta far considerare un&#8217;area pedonale (assenza di arredi, di iniziative ludiche, ecc.). Stando a quanto spiegato da [&hellip;]<\/p>\n","protected":false},"author":8,"featured_media":23236,"comment_status":"closed","ping_status":"closed","sticky":false,"template":"","format":"standard","meta":{"ub_ctt_via":"","_mi_skip_tracking":false},"categories":[4],"tags":[],"featured_image_src":"https:\/\/www.messinaoggi.it\/website\/wp-content\/uploads\/2018\/08\/isola-pedonale-cartello-2017-2-1.jpg","author_info":{"display_name":"red..me","author_link":"https:\/\/www.messinaoggi.it\/website\/author\/redstage\/"},"digistream_id":0,"digistream":false,"_links":{"self":[{"href":"https:\/\/www.messinaoggi.it\/website\/wp-json\/wp\/v2\/posts\/47519"}],"collection":[{"href":"https:\/\/www.messinaoggi.it\/website\/wp-json\/wp\/v2\/posts"}],"about":[{"href":"https:\/\/www.messinaoggi.it\/website\/wp-json\/wp\/v2\/types\/post"}],"author":[{"embeddable":true,"href":"https:\/\/www.messinaoggi.it\/website\/wp-json\/wp\/v2\/users\/8"}],"replies":[{"embeddable":true,"href":"https:\/\/www.messinaoggi.it\/website\/wp-json\/wp\/v2\/comments?post=47519"}],"version-history":[{"count":0,"href":"https:\/\/www.messinaoggi.it\/website\/wp-json\/wp\/v2\/posts\/47519\/revisions"}],"wp:featuredmedia":[{"embeddable":true,"href":"https:\/\/www.messinaoggi.it\/website\/wp-json\/wp\/v2\/media\/23236"}],"wp:attachment":[{"href":"https:\/\/www.messinaoggi.it\/website\/wp-json\/wp\/v2\/media?parent=47519"}],"wp:term":[{"taxonomy":"category","embeddable":true,"href":"https:\/\/www.messinaoggi.it\/website\/wp-json\/wp\/v2\/categories?post=47519"},{"taxonomy":"post_tag","embeddable":true,"href":"https:\/\/www.messinaoggi.it\/website\/wp-json\/wp\/v2\/tags?post=47519"}],"curies":[{"name":"wp","href":"https:\/\/api.w.org\/{rel}","templated":true}]}}