{"id":4749,"date":"2017-07-13T21:45:40","date_gmt":"2017-07-13T19:45:40","guid":{"rendered":"http:\/\/www.messinaoggi.it\/website\/?p=4749"},"modified":"2017-07-13T21:45:40","modified_gmt":"2017-07-13T19:45:40","slug":"pistunina-siglato-laccordo-con-il-tecnico-ezio-raciti","status":"publish","type":"post","link":"https:\/\/www.messinaoggi.it\/website\/2017\/07\/13\/pistunina-siglato-laccordo-con-il-tecnico-ezio-raciti\/","title":{"rendered":"Pistunina, siglato l&#039;accordo con il tecnico Ezio Raciti"},"content":{"rendered":"<p style=\"text-align: justify\">Da stasera <strong>Enzo<\/strong> &#8220;<strong>Ezio&#8221; Raciti<\/strong> (57 anni compiuti lo scorso 8 marzo) \u00e8 ufficialmente il nuovo allenatore dell&#8217;<strong>Usd Pistunina<\/strong>. A comunicarlo \u00e8 il direttore sportivo rossonero\u00a0<strong>Raimondo Mortelliti<\/strong>, il quale ha immortalato la stretta di mano tra\u00a0l&#8217;esperto tecnico etneo (una lunga carriera\u00a0in\u00a0panchina ma anche trascorsi illustri da giocatore nelle giovanili dell&#8217;Inter, assieme ai\u00a0vari Zenga e Beppe Baresi)\u00a0e il presidente<strong> Salvatore Velardo<\/strong>.\u00a0Sembrano ormai un lontano i\u00a0malumori di quest&#8217;ultimo, che qualche settimana fa sembrava intenzionato a\u00a0far &#8220;calare il sipario&#8221;.\u00a0Lo si intuisce dal tenore delle sue dichiarazioni odierne: &#8220;<em>C&#8217;era gi\u00e0 stato un contatto l&#8217;anno scorso, oggi abbiamo deciso di intraprendere un cammino calcistico comune. Sicuramente arriver\u00e0 anche qualche giovane etneo di sua conoscenza<\/em>&#8220;.<div id=\"div-gpt-ad-Messinaoggi.it-DSK-300x250-corpoart\" style=\"text-align:center;margin:0 auto;\"><\/div><\/p>\n<p><strong>Ci\u00f2 significa che quasi sicuramente ripartirete dall&#8217;Eccellenza?<\/strong><div id=\"videoincontent\" style=\"clear:both\";><\/div><\/p>\n<p style=\"text-align: justify\">&#8220;<em>Certo<\/em>&#8220;.<\/p>\n<p style=\"text-align: justify\">Un Velardo\u00a0diretto \u00a0e senza filtri che non si nasconde,\u00a0lasciando ormai intravedere in dirittura d&#8217;arrivo il 2\u00b0 ripescaggio di fila nel massimo campionato calcistico regionale.<\/p>\n<p style=\"text-align: justify\">A fare da vice a Ezio Raciti sar\u00e0 Lillo Borgia. Sul fronte giocatori chiusa positivamente la trattativa con Alessio Mento, che si aggiunge ai gi\u00e0 noti Keita Pa&#8217; e Colucci. Contatti anche con Prezioso Ghartey (attaccante, sarebbe un ritorno) e Gianluca Gazz\u00e8, che ha gi\u00e0 militato in rossonero nell&#8217;ultima stagione di cui \u00e8 stato una delle poche note positive a livello tecnico ma anche umano,\u00a0tornando poi per fine prestito all&#8217;F24 di Carmine Coppola, cui appartiene il suo cartellino.<\/p>\n<p style=\"text-align: justify\">Sul fronte campo di gioco, entro fine settimana il Pistunina sceglier\u00e0 la propria dimora tra &#8220;Garden Sport&#8221; e &#8220;Comunale&#8221; di Roccalumera, che in partenza sembrava la soluzione privilegiata per una questione geografica legata agli imminenti\u00a0arrivi catanesi. Ma \u00e8 anche vero che la maggior parte dei giocatori sar\u00e0 comunque della citt\u00e0 di Messina.<\/p>\n<p> <\/p>\n","protected":false},"excerpt":{"rendered":"<p>Da stasera Enzo &#8220;Ezio&#8221; Raciti (57 anni compiuti lo scorso 8 marzo) \u00e8 ufficialmente il nuovo allenatore dell&#8217;Usd Pistunina. A comunicarlo \u00e8 il direttore sportivo rossonero\u00a0Raimondo Mortelliti, il quale ha immortalato la stretta di mano tra\u00a0l&#8217;esperto tecnico etneo (una lunga carriera\u00a0in\u00a0panchina ma anche trascorsi illustri da giocatore nelle giovanili dell&#8217;Inter, assieme ai\u00a0vari Zenga e Beppe [&hellip;]<\/p>\n","protected":false},"author":9,"featured_media":4751,"comment_status":"closed","ping_status":"open","sticky":false,"template":"","format":"standard","meta":{"ub_ctt_via":"","_mi_skip_tracking":false},"categories":[10,9],"tags":[],"featured_image_src":"https:\/\/www.messinaoggi.it\/website\/wp-content\/uploads\/2017\/07\/IMG-20170713-WA0001-2.jpg","author_info":{"display_name":"Roberto Santoro","author_link":"https:\/\/www.messinaoggi.it\/website\/author\/r-santoro\/"},"digistream_id":0,"digistream":false,"_links":{"self":[{"href":"https:\/\/www.messinaoggi.it\/website\/wp-json\/wp\/v2\/posts\/4749"}],"collection":[{"href":"https:\/\/www.messinaoggi.it\/website\/wp-json\/wp\/v2\/posts"}],"about":[{"href":"https:\/\/www.messinaoggi.it\/website\/wp-json\/wp\/v2\/types\/post"}],"author":[{"embeddable":true,"href":"https:\/\/www.messinaoggi.it\/website\/wp-json\/wp\/v2\/users\/9"}],"replies":[{"embeddable":true,"href":"https:\/\/www.messinaoggi.it\/website\/wp-json\/wp\/v2\/comments?post=4749"}],"version-history":[{"count":0,"href":"https:\/\/www.messinaoggi.it\/website\/wp-json\/wp\/v2\/posts\/4749\/revisions"}],"wp:featuredmedia":[{"embeddable":true,"href":"https:\/\/www.messinaoggi.it\/website\/wp-json\/wp\/v2\/media\/4751"}],"wp:attachment":[{"href":"https:\/\/www.messinaoggi.it\/website\/wp-json\/wp\/v2\/media?parent=4749"}],"wp:term":[{"taxonomy":"category","embeddable":true,"href":"https:\/\/www.messinaoggi.it\/website\/wp-json\/wp\/v2\/categories?post=4749"},{"taxonomy":"post_tag","embeddable":true,"href":"https:\/\/www.messinaoggi.it\/website\/wp-json\/wp\/v2\/tags?post=4749"}],"curies":[{"name":"wp","href":"https:\/\/api.w.org\/{rel}","templated":true}]}}