{"id":47432,"date":"2020-09-23T15:00:04","date_gmt":"2020-09-23T13:00:04","guid":{"rendered":"https:\/\/www.messinaoggi.it\/website\/?p=47432"},"modified":"2020-09-23T15:00:04","modified_gmt":"2020-09-23T13:00:04","slug":"fondi-ecopass-gioveni-a-quando-la-delibera-in-consiglio-comunale","status":"publish","type":"post","link":"https:\/\/www.messinaoggi.it\/website\/2020\/09\/23\/fondi-ecopass-gioveni-a-quando-la-delibera-in-consiglio-comunale\/","title":{"rendered":"Fondi Ecopass, Gioveni: &quot;A quando la delibera in Consiglio Comunale?&quot;"},"content":{"rendered":"<p>\u201cArriver\u00e0 o non arriver\u00e0 in Consiglio Comunale la delibera di reintroduzione dell\u2019ecopass?\u201d. Il consigliere comunale nonch\u00e9 presidente della Commissione Lavori pubblici Libero Gioveni chiede che si faccia definitivamente chiarezza su tale provvedimento, sollecitandone l\u2019invio all&#8217;aula consiliare. &#8220;Lo stesso sindaco De Luca aveva dato mandato all\u2019ex Dirigente del Dipartimento mobilit\u00e0 urbana Pizzino di prepararlo attraverso una delibera di Giunta esattamente il 18 settembre 2018&#8221;, ricorda il consigliere comunale.<br \/>\n\u201cSono trascorsi esattamente 2 anni da quella delibera di Giunta \u2013 prosegue Gioveni \u2013 ma ad oggi dell\u2019atto non vi \u00e8 ancora nessuna traccia! Eppure il ritorno di questo &#8216;tesoretto&#8217; per Palazzo Zanca quantificato in circa 2 milioni di euro l\u2019anno si rende necessario per una migliore pianificazione degli interventi straordinari in diverse arterie stradali, specie quelle soggette al transito dei mezzi pesanti. Non possono bastare, infatti le somme ricavate dalla devoluzione di mutui o le incognite sulle effettive risorse da impiegare in quanto, oltre a rifare il &#8216;look&#8217; alle nostre strade, i fondi ecopass possono e devono servire anche per la messa in sicurezza in ambito mobilit\u00e0 urbana.<br \/>\n\u201cSeppur sia noto il fatto che la nuova delibera sull\u2019ecopass debba risultare giuridicamente inattaccabile per via dei ricorsi al Tar e al CGA che ne hanno decretato la sospensione e che quindi richiede dei tempi consoni per una stesura limpida e legittima \u2013 evidenzia il consigliere comunale \u2013 ritengo che i 2 anni trascorsi siano gi\u00e0 un tempo limite oltre il quale non si pu\u00f2 pi\u00f9 andare per il varo del provvedimento, a meno che non si dica chiaramente alla citt\u00e0 che non si ritenga pi\u00f9 opportuno percorrere questa strada per il rischio di nuovi possibili ricorsi!<br \/>\n\u201cPertanto \u2013 conclude Gioveni \u2013 nell\u2019auspicare che questa delibera possa giungere presto in Aula e che possa anche contenere nuove misure sia sul quantum che sul metodo per l\u2019incasso (ossia che l\u2019incombenza non venga pi\u00f9 affidata alle compagnie di navigazione), sollecito il celere invio dell\u2019importante atto deliberativo per le consequenziali determinazioni del Consiglio Comunale\u201d.<div id=\"div-gpt-ad-Messinaoggi.it-DSK-300x250-corpoart\" style=\"text-align:center;margin:0 auto;\"><\/div><\/p>\n<div id=\"videoincontent\" style=\"clear:both\";><\/div>","protected":false},"excerpt":{"rendered":"<p>\u201cArriver\u00e0 o non arriver\u00e0 in Consiglio Comunale la delibera di reintroduzione dell\u2019ecopass?\u201d. Il consigliere comunale nonch\u00e9 presidente della Commissione Lavori pubblici Libero Gioveni chiede che si faccia definitivamente chiarezza su tale provvedimento, sollecitandone l\u2019invio all&#8217;aula consiliare. &#8220;Lo stesso sindaco De Luca aveva dato mandato all\u2019ex Dirigente del Dipartimento mobilit\u00e0 urbana Pizzino di prepararlo attraverso una [&hellip;]<\/p>\n","protected":false},"author":8,"featured_media":5805,"comment_status":"closed","ping_status":"closed","sticky":false,"template":"","format":"standard","meta":{"ub_ctt_via":"","_mi_skip_tracking":false},"categories":[4],"tags":[],"featured_image_src":"https:\/\/www.messinaoggi.it\/website\/wp-content\/uploads\/2017\/08\/libero-gioveni-2.jpg","author_info":{"display_name":"red..me","author_link":"https:\/\/www.messinaoggi.it\/website\/author\/redstage\/"},"digistream_id":0,"digistream":false,"_links":{"self":[{"href":"https:\/\/www.messinaoggi.it\/website\/wp-json\/wp\/v2\/posts\/47432"}],"collection":[{"href":"https:\/\/www.messinaoggi.it\/website\/wp-json\/wp\/v2\/posts"}],"about":[{"href":"https:\/\/www.messinaoggi.it\/website\/wp-json\/wp\/v2\/types\/post"}],"author":[{"embeddable":true,"href":"https:\/\/www.messinaoggi.it\/website\/wp-json\/wp\/v2\/users\/8"}],"replies":[{"embeddable":true,"href":"https:\/\/www.messinaoggi.it\/website\/wp-json\/wp\/v2\/comments?post=47432"}],"version-history":[{"count":0,"href":"https:\/\/www.messinaoggi.it\/website\/wp-json\/wp\/v2\/posts\/47432\/revisions"}],"wp:featuredmedia":[{"embeddable":true,"href":"https:\/\/www.messinaoggi.it\/website\/wp-json\/wp\/v2\/media\/5805"}],"wp:attachment":[{"href":"https:\/\/www.messinaoggi.it\/website\/wp-json\/wp\/v2\/media?parent=47432"}],"wp:term":[{"taxonomy":"category","embeddable":true,"href":"https:\/\/www.messinaoggi.it\/website\/wp-json\/wp\/v2\/categories?post=47432"},{"taxonomy":"post_tag","embeddable":true,"href":"https:\/\/www.messinaoggi.it\/website\/wp-json\/wp\/v2\/tags?post=47432"}],"curies":[{"name":"wp","href":"https:\/\/api.w.org\/{rel}","templated":true}]}}