{"id":47428,"date":"2020-09-23T10:50:06","date_gmt":"2020-09-23T08:50:06","guid":{"rendered":"https:\/\/www.messinaoggi.it\/website\/?p=47428"},"modified":"2020-09-23T10:50:06","modified_gmt":"2020-09-23T08:50:06","slug":"trasformazione-irccs-neurolesi-in-fondazione-quei-91-mln-stuzzicano-il-palato-dei-privati","status":"publish","type":"post","link":"https:\/\/www.messinaoggi.it\/website\/2020\/09\/23\/trasformazione-irccs-neurolesi-in-fondazione-quei-91-mln-stuzzicano-il-palato-dei-privati\/","title":{"rendered":"Trasformazione Irccs-Neurolesi in Fondazione, quei 91 mln stuzzicano il palato dei privati&#8230;"},"content":{"rendered":"<p style=\"text-align: justify;\">La notizia della trasformazione dell\u2019Irccs-Neurolesi in Fondazione pubblica con la partecipazione dei privati, circolava da tempo. Da quando l\u2019allora ministro della Salute, <strong>Beatrice Lorenzin<\/strong>, con la regia del parlamentare <strong>Nino German\u00e0<\/strong>, stanzi\u00f2 91 mln di euro per il centro di eccellenza messinese, le voci di un possibile ingresso dei privati nella gestione dell\u2019azienda sanitaria si rincorrono negli ambienti sanitari cittadini e regionali. Adesso \u00e8 ufficiale, dopo che la Uil e la Uil-Fpl di Messina, hanno avuto contezza del \u201cdisegno\u201d architettato \u2013 a quanto pare \u2013 dal direttore scientifico, <strong>Dino Bramanti<\/strong>, con la compiacenza passiva \u2013 dicono i beneinformati \u2013 del direttore generale, <strong>Vincenzo Barone<\/strong>. Il sasso nello stagno \u00e8 stato lanciato con una missiva indirizzata al ministero della Salute a doppia firma <strong>Bramanti-Barone<\/strong>, ma senza successo. Il nient da Roma non lascerebbe spazio ad altri tentativi, a meno che sul fronte regionale non si mettano in moto le \u201c<strong>truppe cammellate<\/strong>\u201d della politica per varare una nuova legge che consenta all\u2019Irccs-Neurolesi di Messina di trasformarsi in Fondazione. Che <strong>Bramanti<\/strong> fosse l\u2019architetto del progetto, lo dimostra il fatto che a tamburo battente ha rilasciato una dichiarazione al quotidiano tempostretto, attraverso la quale fa il pompiere, nel tentativo di tranquillizzare i dipendenti dell\u2019azienda sanitaria che non vedono di buon occhio l\u2019apertura ai privati.<div id=\"div-gpt-ad-Messinaoggi.it-DSK-300x250-corpoart\" style=\"text-align:center;margin:0 auto;\"><\/div><\/p>\n<p><img loading=\"lazy\" class=\"alignnone wp-image-41517\" src=\"https:\/\/www.messinaoggi.it\/website\/wp-content\/uploads\/2020\/03\/BD67C42F-FEE4-481C-B611-2F79AF0F7450-300x169.jpeg\" alt=\"\" width=\"1365\" height=\"769\" \/><div id=\"videoincontent\" style=\"clear:both\";><\/div><\/p>\n<p style=\"text-align: justify;\"><strong>I 91 mln di finanziamento<\/strong><\/p>\n<p style=\"text-align: justify;\">E\u2019 innegabile che i soldi stanziati dal ministero della Salute facciano gola e la corsa ad entrare nella Fondazione potrebbe scatenare gli \u201cappetiti\u201d di molti imprenditori cittadini. La torta \u00e8 sontuosa e, al di l\u00e0 di come verranno spesi i soldi, \u00e8 normale che qualcuno inizi a farci un pensierino. Chi riesce a conquistarsi uno spazio nella Fondazione poi avr\u00e0 un ruolo nella gestione. Dice bene <strong>Bramanti <\/strong>quando afferma che l\u2019unica cosa che cambier\u00e0 \u00e8 la governace, e siamo pronti a scommettere che egli stesso punter\u00e0 ad un posto al sole. Sia chiaro, \u00e8 legittimo da parte sua anche perch\u00e9 \u00e8 stato uno degli artefici della nascita dell\u2019Istituto di Ricerca.<\/p>\n<p style=\"text-align: justify;\"><strong>Il prof. Bramanti verso il pensionamento<\/strong><\/p>\n<p style=\"text-align: justify;\">Il docente messinese la prossima primavera andr\u00e0 in quiescenza per raggiunti limiti di et\u00e0. Il direttore generale, <strong>Vincenzo Barone<\/strong>, ha gi\u00e0 deliberato l\u2019istituzione del direttore scientifico emerito ed \u00e8 logico attendersi che Bramanti legher\u00e0 il suo nome \u2013 senza potere decisionale \u2013 all\u2019Irccs-Neurolesi. Se lo merita. Ma, un posto nella governance della Fondazione gli conferirebbe quel potere decisionale che gli consentirebbe di rimanere in auge. Ecco spiegato il motivo per il quale si sta facendo promotore della possibile (improbabile) trasformazione.<\/p>\n<p><img loading=\"lazy\" class=\"size-medium wp-image-43345 alignleft\" src=\"https:\/\/www.messinaoggi.it\/website\/wp-content\/uploads\/2020\/05\/Uil-Tripodi-Calapai-300x200.jpg\" alt=\"\" width=\"300\" height=\"200\" \/><\/p>\n<p style=\"text-align: justify;\"><strong>Il ruolo dei sindacati: sempre e solo Uil\u2026<\/strong><\/p>\n<p style=\"text-align: justify;\">Uil e Uil-Fpl con l\u2019uscita di ieri pomeriggio si sono messi a capo di un\u2019opposizione finalizzata alla tutela dei lavoratori e soprattutto dei cittadini. E\u2019 superfluo evocare la battaglia in solitaria per la difesa dell\u2019ospedale Piemonte, destinato alla chiusura per volont\u00e0 dell\u2019allora direttore generale, <strong>Michele Vullo<\/strong>, e salvato dalla <strong>legge regionale-Formica<\/strong>.<\/p>\n<p style=\"text-align: justify;\">Rispetto a quella battaglia, Pippo Calapai ha anche dalla sua l\u2019appoggio della segretaria confederale, nella persona del segretario generale, <strong>Ivan Tripodi<\/strong>. E\u2019 normale che la vicenda si sposter\u00e0 sui tavoli regionali. L\u2019accorpamento con l\u2019Irccs-Neuroli \u00e8 stata una \u201cinvenzione\u201d azzeccata della politica. E questo accorpamento \u00e8 stato, con molta probabilit\u00e0, il fuori programma per l\u2019idea della trasformazione dell\u2019Irccs-Neurolesi, idea cullata da tempo da chi oggi la propone. Tornando ai sindacati, a parte la Uil non pare esserci al momento alcuna presa di posizione di altre sigle sindacali. Staremo a vedere.<\/p>\n<p style=\"text-align: justify;\"><strong>Immaginate un Pronto soccorso gestito da una Fondazione?<\/strong><\/p>\n<p style=\"text-align: justify;\">Il Pronto soccorso del Piemonte, semmai passera il progetto di trasformazione, dovrebbe essere gestito da una Fondazione pubblico-privata. Un fatto pi\u00f9 unico che raro nel panorama della Sanit\u00e0 nazionale. Un modello americano che andrebbe a penalizzare probabilmente (ma non abbiamo la proava contraria), le classi meno abbienti. Fantascienza? Pu\u00f2 darsi, ma teniamoci stretto il Pronto soccorso pubblico.<\/p>\n<p><img loading=\"lazy\" class=\"size-medium wp-image-45578 alignleft\" src=\"https:\/\/www.messinaoggi.it\/website\/wp-content\/uploads\/2020\/07\/salvatore-cuzzocrea-300x225.jpg\" alt=\"\" width=\"300\" height=\"225\" \/><\/p>\n<p style=\"text-align: justify;\"><strong>Il ruolo dell\u2019Universit\u00e0<\/strong><\/p>\n<p style=\"text-align: justify;\">Sulla trasformazione dell\u2019Irccs-Neurolesi in Fondazione, dicono i beneinformati, ci sarebbe l\u2019assenso dell\u2019Ateneo messinese (tutto da confermare), al quale andrebbe nella \u201cspartizione\u201d la Ricerca. Ci pu\u00f2 anche stare, ma sarebbe auspicabile che il Rettore, <strong>Salvatore Cuzzocrea<\/strong>, si batta per ottenere indipendentemente dalla Fondazione la gestione della Ricerca. E\u2019 un fatto naturale.<\/p>\n<p style=\"text-align: justify;\"><strong>L\u2019assessore Ruggero Razza era al corrente?<\/strong><\/p>\n<p style=\"text-align: justify;\">La \u201cpazza\u201d idea di trasformare l\u2019Irccs-Neurolesi in fondazione \u00e8 stata una fuga in avanti di <strong>Bramanti <\/strong>e <strong>Barone<\/strong> o l\u2019assessore <strong>Razza <\/strong>era al corrente? Torniamo al solito interrogativo amletico. L\u2019assessore regionale alla Salute anche in occasione della polemica di <strong>AppSiciliaSicura <\/strong>(<em>in prima battuta avrebbe dovuto essere gestita dall\u2019Irccs-Neurolesi<\/em>), se ne usc\u00ec dicendo di non sapere nulla. Non abbiamo di dubitare della sua buonafede in quella circostanza, ma se oggi non fosse al corrente dei propositi di trasformazione (saremmo all\u2019assurdo perch\u00e9 un assessore dovrebbe essere informato), saremmo di fronte ad una \u201cinsubordinazione\u201d da parte di <strong>Barone<\/strong>, nominato proprio da <strong>Razza<\/strong>, direttore generale. Siamo in attesa di una versione ufficiale, anche del governatore <strong>Nello Musumeci<\/strong>.<\/p>\n<p style=\"text-align: justify;\"><strong>E la politica locale?<\/strong><\/p>\n<p style=\"text-align: justify;\">Alle 10,45 del 23 settembre, dopo l\u2019allarme di Calapai e Tripodi, non si registra nessuna presa di posizione ufficiale dei parlamentari nazionali e regionali. Comprendiamo che l\u2019Irccs-Neurolesi rappresenti una bella riserva di caccia e che la logica impone prudenza, ma dai battaglieri Cinquestelle c\u2019\u00e8 da attendersi una discesa in campo.<\/p>\n","protected":false},"excerpt":{"rendered":"<p>La notizia della trasformazione dell\u2019Irccs-Neurolesi in Fondazione pubblica con la partecipazione dei privati, circolava da tempo. Da quando l\u2019allora ministro della Salute, Beatrice Lorenzin, con la regia del parlamentare Nino German\u00e0, stanzi\u00f2 91 mln di euro per il centro di eccellenza messinese, le voci di un possibile ingresso dei privati nella gestione dell\u2019azienda sanitaria si [&hellip;]<\/p>\n","protected":false},"author":2,"featured_media":18433,"comment_status":"closed","ping_status":"closed","sticky":false,"template":"","format":"standard","meta":{"ub_ctt_via":"","_mi_skip_tracking":false},"categories":[19],"tags":[],"featured_image_src":"https:\/\/www.messinaoggi.it\/website\/wp-content\/uploads\/2018\/04\/IMG-20180419-WA0036-2.jpg","author_info":{"display_name":"Redazione","author_link":"https:\/\/www.messinaoggi.it\/website\/author\/redazione\/"},"digistream_id":0,"digistream":false,"_links":{"self":[{"href":"https:\/\/www.messinaoggi.it\/website\/wp-json\/wp\/v2\/posts\/47428"}],"collection":[{"href":"https:\/\/www.messinaoggi.it\/website\/wp-json\/wp\/v2\/posts"}],"about":[{"href":"https:\/\/www.messinaoggi.it\/website\/wp-json\/wp\/v2\/types\/post"}],"author":[{"embeddable":true,"href":"https:\/\/www.messinaoggi.it\/website\/wp-json\/wp\/v2\/users\/2"}],"replies":[{"embeddable":true,"href":"https:\/\/www.messinaoggi.it\/website\/wp-json\/wp\/v2\/comments?post=47428"}],"version-history":[{"count":0,"href":"https:\/\/www.messinaoggi.it\/website\/wp-json\/wp\/v2\/posts\/47428\/revisions"}],"wp:featuredmedia":[{"embeddable":true,"href":"https:\/\/www.messinaoggi.it\/website\/wp-json\/wp\/v2\/media\/18433"}],"wp:attachment":[{"href":"https:\/\/www.messinaoggi.it\/website\/wp-json\/wp\/v2\/media?parent=47428"}],"wp:term":[{"taxonomy":"category","embeddable":true,"href":"https:\/\/www.messinaoggi.it\/website\/wp-json\/wp\/v2\/categories?post=47428"},{"taxonomy":"post_tag","embeddable":true,"href":"https:\/\/www.messinaoggi.it\/website\/wp-json\/wp\/v2\/tags?post=47428"}],"curies":[{"name":"wp","href":"https:\/\/api.w.org\/{rel}","templated":true}]}}